{"id":286189,"date":"2023-02-08T19:56:42","date_gmt":"2023-02-08T16:56:42","guid":{"rendered":"https:\/\/sana.sy\/es\/?p=286189"},"modified":"2023-02-08T19:59:26","modified_gmt":"2023-02-08T16:59:26","slug":"grupo-manos-fuera-de-siria-llama-a-levantar-el-asedio-impuesto-al-pueblo-sirio-para-ayudar-a-los-afectados-por-el-terremoto","status":"publish","type":"post","link":"https:\/\/archive.sana.sy\/es\/?p=286189","title":{"rendered":"Grupo \u201cManos fuera de Siria\u201d llama desde Viena a levantar el inhumano asedio impuesto al pueblo sirio"},"content":{"rendered":"<p style=\"text-align: justify\"><strong><span style=\"color: #800000\">Viena, 08 feb (SANA)<\/span><\/strong> El grupo de solidaridad \u201cManos fuera de Siria\u201d exigi\u00f3 el levantamiento inmediato de las medidas coercitivas unilaterales impuestas a Siria, y permitir el r\u00e1pido acceso de la asistencia humanitaria a los afectados por el violento terremoto que azot\u00f3 el pa\u00eds \u00e1rabe.<\/p>\n<p style=\"text-align: justify\">En un comunicado emitido este mi\u00e9rcoles, la agrupaci\u00f3n indic\u00f3 que las dif\u00edciles condiciones por las que atraviesan los sirios no son resultado del terremoto solamente , sino tambi\u00e9n de las sanciones unilaterales, el asedio aplicado desde 2011, adem\u00e1s de la guerra terrorista secundada por Washington y la Uni\u00f3n Europea.<\/p>\n<p style=\"text-align: justify\">Advirti\u00f3 que la continuaci\u00f3n de estas medidas inhumanas significa m\u00e1s tragedias, y la ausencia de los fondos y equipos necesarios para la respuesta a esta cat\u00e1strofe.<\/p>\n<p style=\"text-align: justify\">\u201cEl bloqueo impuesto a Siria a la luz del devastador terremoto equivale a una matanza masiva y ha de detenerlo de inmediato\u201d, subray\u00f3 el comunicado.<\/p>\n<p style=\"text-align: justify\">Convoc\u00f3 a acto en protesta por las sanciones impuestas a Siria, y en solidaridad con todos los siniestrados por el terremoto, ma\u00f1ana jueves por la noche en el centro de la capital austriaca, Viena.<\/p>\n<p style=\"text-align: justify\">la<\/p>\n","protected":false},"excerpt":{"rendered":"<p>Viena, 08 feb (SANA) El grupo de solidaridad \u201cManos fuera de Siria\u201d exigi\u00f3 el levantamiento inmediato de las medidas coercitivas unilaterales impuestas a Siria, y permitir el r\u00e1pido acceso de la asistencia humanitaria a los afectados por el violento terremoto que azot\u00f3 el pa\u00eds \u00e1rabe. En un comunicado emitido este mi\u00e9rcoles, la agrupaci\u00f3n indic\u00f3 que &hellip;<\/p>\n","protected":false},"author":24,"featured_media":286190,"comment_status":"closed","ping_status":"closed","sticky":false,"template":"","format":"standard","meta":{"footnotes":""},"categories":[447,597,20724,448,467,7541],"tags":[],"class_list":["post-286189","post","type-post","status-publish","format-standard","has-post-thumbnail","","category-local-politica","category-cinta-de-noticias","category-minuto-a-minuto","category-noticias","category-siria-y-el-mundo","category-ultimas-noticias"],"_links":{"self":[{"href":"https:\/\/archive.sana.sy\/es\/index.php?rest_route=\/wp\/v2\/posts\/286189"}],"collection":[{"href":"https:\/\/archive.sana.sy\/es\/index.php?rest_route=\/wp\/v2\/posts"}],"about":[{"href":"https:\/\/archive.sana.sy\/es\/index.php?rest_route=\/wp\/v2\/types\/post"}],"author":[{"embeddable":true,"href":"https:\/\/archive.sana.sy\/es\/index.php?rest_route=\/wp\/v2\/users\/24"}],"replies":[{"embeddable":true,"href":"https:\/\/archive.sana.sy\/es\/index.php?rest_route=%2Fwp%2Fv2%2Fcomments&post=286189"}],"version-history":[{"count":0,"href":"https:\/\/archive.sana.sy\/es\/index.php?rest_route=\/wp\/v2\/posts\/286189\/revisions"}],"wp:featuredmedia":[{"embeddable":true,"href":"https:\/\/archive.sana.sy\/es\/index.php?rest_route=\/wp\/v2\/media\/286190"}],"wp:attachment":[{"href":"https:\/\/archive.sana.sy\/es\/index.php?rest_route=%2Fwp%2Fv2%2Fmedia&parent=286189"}],"wp:term":[{"taxonomy":"category","embeddable":true,"href":"https:\/\/archive.sana.sy\/es\/index.php?rest_route=%2Fwp%2Fv2%2Fcategories&post=286189"},{"taxonomy":"post_tag","embeddable":true,"href":"https:\/\/archive.sana.sy\/es\/index.php?rest_route=%2Fwp%2Fv2%2Ftags&post=286189"}],"curies":[{"name":"wp","href":"https:\/\/api.w.org\/{rel}","templated":true}]}}