{"id":286198,"date":"2023-02-08T20:25:10","date_gmt":"2023-02-08T17:25:10","guid":{"rendered":"http:\/\/107.6.182.27\/es\/?p=286198"},"modified":"2023-02-08T20:25:10","modified_gmt":"2023-02-08T17:25:10","slug":"iraq-la-comunidad-internacional-debe-apoyar-a-siria-para-enfrentar-los-efectos-del-terremoto","status":"publish","type":"post","link":"https:\/\/archive.sana.sy\/es\/?p=286198","title":{"rendered":"Iraq: la comunidad internacional debe apoyar a Siria para enfrentar los efectos del terremoto"},"content":{"rendered":"<p style=\"text-align: justify;\"><span style=\"color: #800000;\"><strong>Bagdad, 08 feb (SANA)\u00a0 \u00a0 <\/strong><\/span>El consejero de Seguridad Nacional iraqu\u00ed, Qassem Al-Araji, subray\u00f3 la necesidad de que la comunidad internacional apoye a Siria para hacer frente a los efectos del terremoto que la asol\u00f3 el lunes \u00faltimo.<\/p>\n<p style=\"text-align: justify;\">\u201cEl pueblo sirio puede superar esta terrible calvario, y la comunidad internacional debe respaldar a Siria y su pueblo y levantar el asedio\u201d, cit\u00f3 el portal informativo \u201cAlsumaria Newa\u201d a Al-Araji.<\/p>\n<p style=\"text-align: justify;\">Indic\u00f3 que se reuni\u00f3 con el embajador sirio en Bagdad, Sattam Jadaan Al-Dandah, y ofreci\u00f3 sus condolencias por las v\u00edctimas del terremoto, y dese\u00f3 a los heridos una pronta recuperaci\u00f3n.<\/p>\n<p>rr\/fm<\/p>\n","protected":false},"excerpt":{"rendered":"<p>Bagdad, 08 feb (SANA)\u00a0 \u00a0 El consejero de Seguridad Nacional iraqu\u00ed, Qassem Al-Araji, subray\u00f3 la necesidad de que la comunidad internacional apoye a Siria para hacer frente a los efectos del terremoto que la asol\u00f3 el lunes \u00faltimo. \u201cEl pueblo sirio puede superar esta terrible calvario, y la comunidad internacional debe respaldar a Siria y &hellip;<\/p>\n","protected":false},"author":31,"featured_media":286208,"comment_status":"closed","ping_status":"closed","sticky":false,"template":"","format":"standard","meta":{"footnotes":""},"categories":[597,467],"tags":[],"class_list":["post-286198","post","type-post","status-publish","format-standard","has-post-thumbnail","","category-cinta-de-noticias","category-siria-y-el-mundo"],"_links":{"self":[{"href":"https:\/\/archive.sana.sy\/es\/index.php?rest_route=\/wp\/v2\/posts\/286198"}],"collection":[{"href":"https:\/\/archive.sana.sy\/es\/index.php?rest_route=\/wp\/v2\/posts"}],"about":[{"href":"https:\/\/archive.sana.sy\/es\/index.php?rest_route=\/wp\/v2\/types\/post"}],"author":[{"embeddable":true,"href":"https:\/\/archive.sana.sy\/es\/index.php?rest_route=\/wp\/v2\/users\/31"}],"replies":[{"embeddable":true,"href":"https:\/\/archive.sana.sy\/es\/index.php?rest_route=%2Fwp%2Fv2%2Fcomments&post=286198"}],"version-history":[{"count":0,"href":"https:\/\/archive.sana.sy\/es\/index.php?rest_route=\/wp\/v2\/posts\/286198\/revisions"}],"wp:featuredmedia":[{"embeddable":true,"href":"https:\/\/archive.sana.sy\/es\/index.php?rest_route=\/wp\/v2\/media\/286208"}],"wp:attachment":[{"href":"https:\/\/archive.sana.sy\/es\/index.php?rest_route=%2Fwp%2Fv2%2Fmedia&parent=286198"}],"wp:term":[{"taxonomy":"category","embeddable":true,"href":"https:\/\/archive.sana.sy\/es\/index.php?rest_route=%2Fwp%2Fv2%2Fcategories&post=286198"},{"taxonomy":"post_tag","embeddable":true,"href":"https:\/\/archive.sana.sy\/es\/index.php?rest_route=%2Fwp%2Fv2%2Ftags&post=286198"}],"curies":[{"name":"wp","href":"https:\/\/api.w.org\/{rel}","templated":true}]}}