{"id":286236,"date":"2023-02-08T22:03:05","date_gmt":"2023-02-08T19:03:05","guid":{"rendered":"https:\/\/sana.sy\/es\/?p=286236"},"modified":"2023-02-08T22:04:20","modified_gmt":"2023-02-08T19:04:20","slug":"presidente-al-assad-recibe-llamadas-para-ofrecer-condolencia-de-los-presidentes-de-irak-y-palestina","status":"publish","type":"post","link":"https:\/\/archive.sana.sy\/es\/?p=286236","title":{"rendered":"Presidente al-Assad recibe llamadas para ofrecer condolencia de los presidentes de Irak y Palestina"},"content":{"rendered":"<p style=\"text-align: justify;\"><span style=\"color: #800000;\"><strong>Damasco, 08 feb (SANA)\u00a0<\/strong> <\/span>El presidente Bashar al-Assad recibi\u00f3 hoy una llamada telef\u00f3nica del presidente iraqu\u00ed, Abdul Latif Rashid, durante la cual, el mandatario iraqu\u00ed expres\u00f3 sus condolencias y la solidaridad de su pa\u00eds con Siria tras el devastador terremoto.<\/p>\n<p style=\"text-align: justify;\">Asimismo, el primer ministro iraqu\u00ed, Muhammad Shiaa al-Sudani, ofreci\u00f3 sus m\u00e1s sinceras condolencias durante una conversaci\u00f3n telef\u00f3nica con el presidente al-Assad, y manifest\u00f3 la disposici\u00f3n de Bagdad para continuar brindando ayuda y asistencia para apoyar los esfuerzos del gobierno sirio en las operaciones de rescate y socorro en las zonas afectadas.<\/p>\n<p style=\"text-align: justify;\">Adem\u00e1s, el presidente al-Assad recibi\u00f3 una llamada telef\u00f3nica del presidente palestino Mahmoud Abbas, quien ofreci\u00f3 al mandatario y al pueblo sirios sus m\u00e1s sinceras condolencias por las v\u00edctimas del terremoto, y afirm\u00f3 que el liderazgo y el pueblo palestinos respaldan a sus hermanos sirios y est\u00e1n listos para brindar todas las formas posibles de asistencia.<\/p>\n<p style=\"text-align: justify;\">sm\/mm<\/p>\n","protected":false},"excerpt":{"rendered":"<p>Damasco, 08 feb (SANA)\u00a0 El presidente Bashar al-Assad recibi\u00f3 hoy una llamada telef\u00f3nica del presidente iraqu\u00ed, Abdul Latif Rashid, durante la cual, el mandatario iraqu\u00ed expres\u00f3 sus condolencias y la solidaridad de su pa\u00eds con Siria tras el devastador terremoto. Asimismo, el primer ministro iraqu\u00ed, Muhammad Shiaa al-Sudani, ofreci\u00f3 sus m\u00e1s sinceras condolencias durante una &hellip;<\/p>\n","protected":false},"author":39,"featured_media":286239,"comment_status":"closed","ping_status":"closed","sticky":false,"template":"","format":"standard","meta":{"footnotes":""},"categories":[477,597,467,583],"tags":[],"class_list":["post-286236","post","type-post","status-publish","format-standard","has-post-thumbnail","","category-noticias-edulcorantes","category-cinta-de-noticias","category-siria-y-el-mundo","category-slide"],"_links":{"self":[{"href":"https:\/\/archive.sana.sy\/es\/index.php?rest_route=\/wp\/v2\/posts\/286236"}],"collection":[{"href":"https:\/\/archive.sana.sy\/es\/index.php?rest_route=\/wp\/v2\/posts"}],"about":[{"href":"https:\/\/archive.sana.sy\/es\/index.php?rest_route=\/wp\/v2\/types\/post"}],"author":[{"embeddable":true,"href":"https:\/\/archive.sana.sy\/es\/index.php?rest_route=\/wp\/v2\/users\/39"}],"replies":[{"embeddable":true,"href":"https:\/\/archive.sana.sy\/es\/index.php?rest_route=%2Fwp%2Fv2%2Fcomments&post=286236"}],"version-history":[{"count":0,"href":"https:\/\/archive.sana.sy\/es\/index.php?rest_route=\/wp\/v2\/posts\/286236\/revisions"}],"wp:featuredmedia":[{"embeddable":true,"href":"https:\/\/archive.sana.sy\/es\/index.php?rest_route=\/wp\/v2\/media\/286239"}],"wp:attachment":[{"href":"https:\/\/archive.sana.sy\/es\/index.php?rest_route=%2Fwp%2Fv2%2Fmedia&parent=286236"}],"wp:term":[{"taxonomy":"category","embeddable":true,"href":"https:\/\/archive.sana.sy\/es\/index.php?rest_route=%2Fwp%2Fv2%2Fcategories&post=286236"},{"taxonomy":"post_tag","embeddable":true,"href":"https:\/\/archive.sana.sy\/es\/index.php?rest_route=%2Fwp%2Fv2%2Ftags&post=286236"}],"curies":[{"name":"wp","href":"https:\/\/api.w.org\/{rel}","templated":true}]}}