{"id":286318,"date":"2023-02-09T11:08:21","date_gmt":"2023-02-09T08:08:21","guid":{"rendered":"https:\/\/sana.sy\/es\/?p=286318"},"modified":"2023-02-09T11:08:21","modified_gmt":"2023-02-09T08:08:21","slug":"partido-comunista-checo-occidente-debe-levantar-sin-demora-sus-sanciones-a-siria-ante-el-desastre-del-terremoto","status":"publish","type":"post","link":"https:\/\/archive.sana.sy\/es\/?p=286318","title":{"rendered":"Partido Comunista Checo: Occidente debe levantar sin demora sus sanciones a Siria ante el desastre del terremoto"},"content":{"rendered":"<p style=\"text-align: justify;\"><span style=\"color: #800000;\"><strong>Praga, 9 feb (SANA)<\/strong><\/span>\u00a0 \u00a0El Partido Comunista Checo-Moravo inst\u00f3 a Estados Unidos a levantar de inmediato las sanciones unilaterales contra Siria, ya que el pa\u00eds enfrenta una grave crisis humanitaria como consecuencia del terremoto.<\/p>\n<p>Seg\u00fan explic\u00f3 el subjefe del partido, Milan Kraj\u010da, el partido reiter\u00f3 su en\u00e9rgica condena a las frecuentes intervenciones militares estadounidenses y el saqueo de los recursos naturales sirios por parte de sus tropas desplegadas, en el nordeste del pa\u00eds.<\/p>\n<p>Asimismo, expres\u00f3 la solidaridad del partido junto con las fuerzas pac\u00edficas y progresistas de la Rep\u00fablica Checa con el pueblo sirio.<\/p>\n<p><em><strong>ws\/fm<\/strong><\/em><\/p>\n","protected":false},"excerpt":{"rendered":"<p>Praga, 9 feb (SANA)\u00a0 \u00a0El Partido Comunista Checo-Moravo inst\u00f3 a Estados Unidos a levantar de inmediato las sanciones unilaterales contra Siria, ya que el pa\u00eds enfrenta una grave crisis humanitaria como consecuencia del terremoto. Seg\u00fan explic\u00f3 el subjefe del partido, Milan Kraj\u010da, el partido reiter\u00f3 su en\u00e9rgica condena a las frecuentes intervenciones militares estadounidenses y &hellip;<\/p>\n","protected":false},"author":35,"featured_media":286319,"comment_status":"closed","ping_status":"closed","sticky":false,"template":"","format":"standard","meta":{"footnotes":""},"categories":[477,447,597,20724,467,7541],"tags":[],"class_list":["post-286318","post","type-post","status-publish","format-standard","has-post-thumbnail","","category-noticias-edulcorantes","category-local-politica","category-cinta-de-noticias","category-minuto-a-minuto","category-siria-y-el-mundo","category-ultimas-noticias"],"_links":{"self":[{"href":"https:\/\/archive.sana.sy\/es\/index.php?rest_route=\/wp\/v2\/posts\/286318"}],"collection":[{"href":"https:\/\/archive.sana.sy\/es\/index.php?rest_route=\/wp\/v2\/posts"}],"about":[{"href":"https:\/\/archive.sana.sy\/es\/index.php?rest_route=\/wp\/v2\/types\/post"}],"author":[{"embeddable":true,"href":"https:\/\/archive.sana.sy\/es\/index.php?rest_route=\/wp\/v2\/users\/35"}],"replies":[{"embeddable":true,"href":"https:\/\/archive.sana.sy\/es\/index.php?rest_route=%2Fwp%2Fv2%2Fcomments&post=286318"}],"version-history":[{"count":0,"href":"https:\/\/archive.sana.sy\/es\/index.php?rest_route=\/wp\/v2\/posts\/286318\/revisions"}],"wp:featuredmedia":[{"embeddable":true,"href":"https:\/\/archive.sana.sy\/es\/index.php?rest_route=\/wp\/v2\/media\/286319"}],"wp:attachment":[{"href":"https:\/\/archive.sana.sy\/es\/index.php?rest_route=%2Fwp%2Fv2%2Fmedia&parent=286318"}],"wp:term":[{"taxonomy":"category","embeddable":true,"href":"https:\/\/archive.sana.sy\/es\/index.php?rest_route=%2Fwp%2Fv2%2Fcategories&post=286318"},{"taxonomy":"post_tag","embeddable":true,"href":"https:\/\/archive.sana.sy\/es\/index.php?rest_route=%2Fwp%2Fv2%2Ftags&post=286318"}],"curies":[{"name":"wp","href":"https:\/\/api.w.org\/{rel}","templated":true}]}}