{"id":286323,"date":"2023-02-09T11:23:57","date_gmt":"2023-02-09T08:23:57","guid":{"rendered":"https:\/\/sana.sy\/es\/?p=286323"},"modified":"2023-02-09T11:23:57","modified_gmt":"2023-02-09T08:23:57","slug":"eurodiputado-occidente-politiza-los-desastres-naturales-al-negarse-a-enviar-ayuda-para-siria","status":"publish","type":"post","link":"https:\/\/archive.sana.sy\/es\/?p=286323","title":{"rendered":"Eurodiputado: Occidente politiza los desastres naturales al negarse a enviar ayuda para Siria"},"content":{"rendered":"<blockquote>\n<p style=\"text-align: justify;\"><span style=\"color: #ff0000;\"><strong>Siria, como Turqu\u00eda, necesita ayuda con urgencia, por lo que el sentido humano debe prevalecer sobre todo lo dem\u00e1s, public\u00f3 Uhr\u00edk en su p\u00e1gina de Facebook.<\/strong><\/span><\/p>\n<\/blockquote>\n<p style=\"text-align: justify;\"><span style=\"color: #800000;\"><strong>Bratislava, 9 feb (SANA)\u00a0<\/strong><\/span> El miembro en el Parlamento Europeo y l\u00edder del Partido de la Rep\u00fablica Eslovaca, Milan Uhr\u00edk, critic\u00f3 a Occidente por politizar la cat\u00e1strofe humanitaria que enfrenta Siria, en lugar de brindar toda la ayuda necesaria a esta naci\u00f3n.<\/p>\n<p>Siria, como Turqu\u00eda, necesita ayuda con urgencia, por lo que el sentido humano debe prevalecer sobre todo lo dem\u00e1s, public\u00f3 Uhr\u00edk en su p\u00e1gina de Facebook.<\/p>\n<p>Se\u00f1al\u00f3 que Siria est\u00e1 sufriendo mucho como resultado del bloqueo occidental ya que no acepta la ocupaci\u00f3n y la hegemon\u00eda occidental..<\/p>\n<p><em><strong>ws\/fm<\/strong><\/em><\/p>\n","protected":false},"excerpt":{"rendered":"<p>Siria, como Turqu\u00eda, necesita ayuda con urgencia, por lo que el sentido humano debe prevalecer sobre todo lo dem\u00e1s, public\u00f3 Uhr\u00edk en su p\u00e1gina de Facebook. Bratislava, 9 feb (SANA)\u00a0 El miembro en el Parlamento Europeo y l\u00edder del Partido de la Rep\u00fablica Eslovaca, Milan Uhr\u00edk, critic\u00f3 a Occidente por politizar la cat\u00e1strofe humanitaria que &hellip;<\/p>\n","protected":false},"author":35,"featured_media":286324,"comment_status":"closed","ping_status":"closed","sticky":false,"template":"","format":"standard","meta":{"footnotes":""},"categories":[447,477,597,20724,467,7541],"tags":[],"class_list":["post-286323","post","type-post","status-publish","format-standard","has-post-thumbnail","","category-local-politica","category-noticias-edulcorantes","category-cinta-de-noticias","category-minuto-a-minuto","category-siria-y-el-mundo","category-ultimas-noticias"],"_links":{"self":[{"href":"https:\/\/archive.sana.sy\/es\/index.php?rest_route=\/wp\/v2\/posts\/286323"}],"collection":[{"href":"https:\/\/archive.sana.sy\/es\/index.php?rest_route=\/wp\/v2\/posts"}],"about":[{"href":"https:\/\/archive.sana.sy\/es\/index.php?rest_route=\/wp\/v2\/types\/post"}],"author":[{"embeddable":true,"href":"https:\/\/archive.sana.sy\/es\/index.php?rest_route=\/wp\/v2\/users\/35"}],"replies":[{"embeddable":true,"href":"https:\/\/archive.sana.sy\/es\/index.php?rest_route=%2Fwp%2Fv2%2Fcomments&post=286323"}],"version-history":[{"count":0,"href":"https:\/\/archive.sana.sy\/es\/index.php?rest_route=\/wp\/v2\/posts\/286323\/revisions"}],"wp:featuredmedia":[{"embeddable":true,"href":"https:\/\/archive.sana.sy\/es\/index.php?rest_route=\/wp\/v2\/media\/286324"}],"wp:attachment":[{"href":"https:\/\/archive.sana.sy\/es\/index.php?rest_route=%2Fwp%2Fv2%2Fmedia&parent=286323"}],"wp:term":[{"taxonomy":"category","embeddable":true,"href":"https:\/\/archive.sana.sy\/es\/index.php?rest_route=%2Fwp%2Fv2%2Fcategories&post=286323"},{"taxonomy":"post_tag","embeddable":true,"href":"https:\/\/archive.sana.sy\/es\/index.php?rest_route=%2Fwp%2Fv2%2Ftags&post=286323"}],"curies":[{"name":"wp","href":"https:\/\/api.w.org\/{rel}","templated":true}]}}