{"id":286408,"date":"2023-02-09T15:15:03","date_gmt":"2023-02-09T12:15:03","guid":{"rendered":"https:\/\/sana.sy\/es\/?p=286408"},"modified":"2023-02-09T17:19:03","modified_gmt":"2023-02-09T14:19:03","slug":"parlamento-de-siria-hace-un-llamado-para-levantar-el-bloqueo","status":"publish","type":"post","link":"https:\/\/archive.sana.sy\/es\/?p=286408","title":{"rendered":"Parlamento de Siria hace un llamado para levantar el bloqueo"},"content":{"rendered":"<p style=\"text-align: justify;\"><span style=\"color: #800000;\"><strong>Damasco, 9 feb (SANA)<\/strong><\/span>\u00a0 \u00a0La Asamblea del Pueblo de Siria (Parlamento) apel\u00f3 hoy a la comunidad internacional para que act\u00fae en fin de levantar de manera inmediata y urgente el injusto bloqueo y las medidas coercitivas unilaterales impuestas al pueblo sirio, y para brindar ayuda para mitigar los efectos del devastador terremoto.<\/p>\n<p style=\"text-align: justify;\">Llam\u00f3 por medio de un comunicado a los miembros de las Naciones Unidas y a todas las federaciones y \u00f3rganos parlamentarios y organizaciones internacionales y regionales que se ocupan de los derechos humanos, para que asuman sus responsabilidades morales y humanitarias y que ejerzan todas las formas de presi\u00f3n sobre los gobiernos de los pa\u00edses que imponen y contribuyen a imponer las medidas injustas al pueblo sirio, en particular Estados Unidos y los pa\u00edses occidentales.<\/p>\n<p style=\"text-align: justify;\">El comunicado indic\u00f3 que el devastador terremoto dej\u00f3 cientos de v\u00edctimas mortales y miles de heridos, adem\u00e1s del desplazamiento de un gran n\u00famero de familias y la destrucci\u00f3n total y parcial de miles de edificios y viviendas, adem\u00e1s de severos da\u00f1os en instalaciones vitales y la infraestructura.<\/p>\n<p style=\"text-align: justify;\">\u201cLa guerra terrorista durante m\u00e1s de 11 a\u00f1os, el bloqueo econ\u00f3mico unilateral y las medidas coercitivas injustas, debilitaron en gran medida el sistema de capacidades locales en todos los niveles, y afect\u00f3 negativamente las evacuaciones, salvamento, socorro y primeros auxilios\u201d, agreg\u00f3.<\/p>\n<p style=\"text-align: justify;\">El Consejo envi\u00f3 copias de la declaraci\u00f3n al Secretario General de las Naciones Unidas, Antonio Guterres, al Alto Comisionado para los Derechos Humanos, Volker T\u00fcrk, al Presidente de la Uni\u00f3n Interparlamentaria, Duarte Pacheco, al Presidente de la Uni\u00f3n de Consejos de Estados Miembros de la Organizaci\u00f3n de Cooperaci\u00f3n Isl\u00e1mica, Ibrahim Bogali, el Presidente del Parlamento de los pa\u00edses del Mercosur, Thomas Bitar, el Presidente del Parlamento Mediterr\u00e1neo Gennaro Migliori, Secretario General de la Uni\u00f3n Interparlamentaria Martin Chongong, Secretario General de la Uni\u00f3n de Consejos de Estados Miembros de la Organizaci\u00f3n para la Cooperaci\u00f3n Isl\u00e1mica, Muhammad Qureshi Niass, el Secretario General de la Asamblea Parlamentaria Asi\u00e1tica, Muhammad Reza Majidi, y el Secretario General del Parlamento del Mediterr\u00e1neo, Sergio Piazzi.<\/p>\n<p style=\"text-align: justify;\">rr\/fm\/ed<\/p>\n","protected":false},"excerpt":{"rendered":"<p>Damasco, 9 feb (SANA)\u00a0 \u00a0La Asamblea del Pueblo de Siria (Parlamento) apel\u00f3 hoy a la comunidad internacional para que act\u00fae en fin de levantar de manera inmediata y urgente el injusto bloqueo y las medidas coercitivas unilaterales impuestas al pueblo sirio, y para brindar ayuda para mitigar los efectos del devastador terremoto. Llam\u00f3 por medio &hellip;<\/p>\n","protected":false},"author":32,"featured_media":286409,"comment_status":"closed","ping_status":"closed","sticky":false,"template":"","format":"standard","meta":{"footnotes":""},"categories":[477,597,476,7541],"tags":[],"class_list":["post-286408","post","type-post","status-publish","format-standard","has-post-thumbnail","","category-noticias-edulcorantes","category-cinta-de-noticias","category-locales","category-ultimas-noticias"],"_links":{"self":[{"href":"https:\/\/archive.sana.sy\/es\/index.php?rest_route=\/wp\/v2\/posts\/286408"}],"collection":[{"href":"https:\/\/archive.sana.sy\/es\/index.php?rest_route=\/wp\/v2\/posts"}],"about":[{"href":"https:\/\/archive.sana.sy\/es\/index.php?rest_route=\/wp\/v2\/types\/post"}],"author":[{"embeddable":true,"href":"https:\/\/archive.sana.sy\/es\/index.php?rest_route=\/wp\/v2\/users\/32"}],"replies":[{"embeddable":true,"href":"https:\/\/archive.sana.sy\/es\/index.php?rest_route=%2Fwp%2Fv2%2Fcomments&post=286408"}],"version-history":[{"count":0,"href":"https:\/\/archive.sana.sy\/es\/index.php?rest_route=\/wp\/v2\/posts\/286408\/revisions"}],"wp:featuredmedia":[{"embeddable":true,"href":"https:\/\/archive.sana.sy\/es\/index.php?rest_route=\/wp\/v2\/media\/286409"}],"wp:attachment":[{"href":"https:\/\/archive.sana.sy\/es\/index.php?rest_route=%2Fwp%2Fv2%2Fmedia&parent=286408"}],"wp:term":[{"taxonomy":"category","embeddable":true,"href":"https:\/\/archive.sana.sy\/es\/index.php?rest_route=%2Fwp%2Fv2%2Fcategories&post=286408"},{"taxonomy":"post_tag","embeddable":true,"href":"https:\/\/archive.sana.sy\/es\/index.php?rest_route=%2Fwp%2Fv2%2Ftags&post=286408"}],"curies":[{"name":"wp","href":"https:\/\/api.w.org\/{rel}","templated":true}]}}