{"id":286413,"date":"2023-02-09T16:17:40","date_gmt":"2023-02-09T13:17:40","guid":{"rendered":"https:\/\/sana.sy\/es\/?p=286413"},"modified":"2023-02-09T16:17:40","modified_gmt":"2023-02-09T13:17:40","slug":"siria-condena-ataque-de-estados-unidos-contra-un-globo-chino","status":"publish","type":"post","link":"https:\/\/archive.sana.sy\/es\/?p=286413","title":{"rendered":"Siria condena ataque de Estados Unidos contra un globo chino"},"content":{"rendered":"<p style=\"text-align: justify;\"><span style=\"color: #800000;\"><strong>Damasco, 9 feb (SANA)\u00a0<\/strong><\/span> \u00a0Siria conden\u00f3 hoy el ataque de Estados Unidos contra un globo chino y afirm\u00f3 su apoyo a la posici\u00f3n china y al di\u00e1logo para resolver las disputas entre pa\u00edses.<\/p>\n<p style=\"text-align: justify;\">El Ministerio de Asuntos Exteriores y Expatriados anunci\u00f3 por medio de un comunicado que la Rep\u00fablica \u00c1rabe Siria condena el ataque lanzado por Estados Unidos contra el globo de investigaci\u00f3n civil chino, que ingres\u00f3 al espacio a\u00e9reo estadounidense sin intenci\u00f3n y nunca represent\u00f3 una amenaza militar o civil.<\/p>\n<p style=\"text-align: justify;\">Como de costumbre, Estados Unidos de Am\u00e9rica recurren al uso de la violencia en lugar de tratar estos casos con seriedad y responsabilidad, de conformidad con las normas del derecho internacional, afirm\u00f3 la declaraci\u00f3n.<\/p>\n<p style=\"text-align: justify;\">El texto indic\u00f3 que la Rep\u00fablica \u00c1rabe Siria reitera su apoyo a la posici\u00f3n china y su compromiso con los valores y prop\u00f3sitos de la Carta de las Naciones Unidas, y su apoyo al di\u00e1logo y la diplomacia como medio para encontrar una soluci\u00f3n pac\u00edfica a las disputas entre pa\u00edses.<\/p>\n<p style=\"text-align: justify;\">fm\/rr<\/p>\n","protected":false},"excerpt":{"rendered":"<p>Damasco, 9 feb (SANA)\u00a0 \u00a0Siria conden\u00f3 hoy el ataque de Estados Unidos contra un globo chino y afirm\u00f3 su apoyo a la posici\u00f3n china y al di\u00e1logo para resolver las disputas entre pa\u00edses. El Ministerio de Asuntos Exteriores y Expatriados anunci\u00f3 por medio de un comunicado que la Rep\u00fablica \u00c1rabe Siria condena el ataque lanzado &hellip;<\/p>\n","protected":false},"author":31,"featured_media":286414,"comment_status":"closed","ping_status":"closed","sticky":false,"template":"","format":"standard","meta":{"footnotes":""},"categories":[597,467,7541],"tags":[10768,7132,21748,6553],"class_list":["post-286413","post","type-post","status-publish","format-standard","has-post-thumbnail","","category-cinta-de-noticias","category-siria-y-el-mundo","category-ultimas-noticias","tag-china","tag-eeuu","tag-globo","tag-siria"],"_links":{"self":[{"href":"https:\/\/archive.sana.sy\/es\/index.php?rest_route=\/wp\/v2\/posts\/286413"}],"collection":[{"href":"https:\/\/archive.sana.sy\/es\/index.php?rest_route=\/wp\/v2\/posts"}],"about":[{"href":"https:\/\/archive.sana.sy\/es\/index.php?rest_route=\/wp\/v2\/types\/post"}],"author":[{"embeddable":true,"href":"https:\/\/archive.sana.sy\/es\/index.php?rest_route=\/wp\/v2\/users\/31"}],"replies":[{"embeddable":true,"href":"https:\/\/archive.sana.sy\/es\/index.php?rest_route=%2Fwp%2Fv2%2Fcomments&post=286413"}],"version-history":[{"count":0,"href":"https:\/\/archive.sana.sy\/es\/index.php?rest_route=\/wp\/v2\/posts\/286413\/revisions"}],"wp:featuredmedia":[{"embeddable":true,"href":"https:\/\/archive.sana.sy\/es\/index.php?rest_route=\/wp\/v2\/media\/286414"}],"wp:attachment":[{"href":"https:\/\/archive.sana.sy\/es\/index.php?rest_route=%2Fwp%2Fv2%2Fmedia&parent=286413"}],"wp:term":[{"taxonomy":"category","embeddable":true,"href":"https:\/\/archive.sana.sy\/es\/index.php?rest_route=%2Fwp%2Fv2%2Fcategories&post=286413"},{"taxonomy":"post_tag","embeddable":true,"href":"https:\/\/archive.sana.sy\/es\/index.php?rest_route=%2Fwp%2Fv2%2Ftags&post=286413"}],"curies":[{"name":"wp","href":"https:\/\/api.w.org\/{rel}","templated":true}]}}