{"id":286417,"date":"2023-02-09T17:02:45","date_gmt":"2023-02-09T14:02:45","guid":{"rendered":"https:\/\/sana.sy\/es\/?p=286417"},"modified":"2023-02-09T17:02:45","modified_gmt":"2023-02-09T14:02:45","slug":"presidente-sirio-recibe-mensajes-de-solidaridad-de-presidentes-y-lideres-de-varios-paises","status":"publish","type":"post","link":"https:\/\/archive.sana.sy\/es\/?p=286417","title":{"rendered":"Presidente sirio recibe mensajes de solidaridad de presidentes y l\u00edderes de varios pa\u00edses"},"content":{"rendered":"<blockquote>\n<p style=\"text-align: justify;\"><strong>Expresaron sus condolencias por las v\u00edctimas como consecuencia del devastador terremoto, y expresaron su solidaridad y apoyo a las familias y seres queridos de los fallecidos.<\/strong><\/p>\n<\/blockquote>\n<p style=\"text-align: justify;\"><span style=\"color: #800000;\"><strong>Damasco, 9 feb (SANA)\u00a0<\/strong> <\/span>\u00a0 El presidente de la Rep\u00fablica de Armenia, Vahakin Khachaturian, y el presidente de la Rep\u00fablica de Turkmenist\u00e1n, Sardar Berdimuhamedov, expresaron en dos mensajes dirigidos al presidente Bashar al-Assad, sus condolencias por las v\u00edctimas como consecuencia del devastador terremoto, y expresaron su solidaridad y apoyo a las familias y seres queridos de los fallecidos.<\/p>\n<p style=\"text-align: justify;\">A su vez, el presidente de la Rep\u00fablica Popular de Bangladesh, Mohamed Abdel Hamid, y el presidente de la Rep\u00fablica de Senegal, Macky Sall, expresaron en cartas al presidente Al-Assad, su profundo pesar por el desastre que golpe\u00f3 a Siria, y expresaron su confianza en que el pueblo sirio sea capaz de superar sus efectos.<\/p>\n<p style=\"text-align: justify;\">Su Alteza el Jeque Mohammed bin Rashid Al Maktoum, vicepresidente y primer ministro de los Emiratos \u00c1rabes Unidos y Gobernante de Dub\u00e1i, ofreci\u00f3 al Presidente Al-Assad sus m\u00e1s sinceras condolencias.<\/p>\n<p style=\"text-align: justify;\">Mientras el teniente general Abdel Fattah Al-Burhan, presidente del Consejo de Soberan\u00eda de Transici\u00f3n en la Rep\u00fablica de Sud\u00e1n, afirm\u00f3 la solidaridad de su pa\u00eds con Siria y su disposici\u00f3n a brindar asistencia para superar los efectos del terremoto.<\/p>\n<p style=\"text-align: justify;\">Fahd bin Mahmoud Al Said, viceprimer ministro del Sultanato de Om\u00e1n, tambi\u00e9n envi\u00f3 al presidente Al-Assad, a las familias de las v\u00edctimas y al pueblo sirio, sus m\u00e1s sinceras condolencias, deseando una pronta recuperaci\u00f3n a los heridos.<\/p>\n<p style=\"text-align: justify;\">El presidente al-Assad recibi\u00f3 otros mensajes de los jefes de partidos \u00e1rabes y organizaciones populares, que expresaron sus m\u00e1s sinceras condolencias y solidaridad con el pueblo sirio, y pidieron levantar el bloqueo a Siria y acelerar la ayuda al pueblo sirio.<\/p>\n<p style=\"text-align: justify;\">fm\/rr<\/p>\n","protected":false},"excerpt":{"rendered":"<p>Expresaron sus condolencias por las v\u00edctimas como consecuencia del devastador terremoto, y expresaron su solidaridad y apoyo a las familias y seres queridos de los fallecidos. Damasco, 9 feb (SANA)\u00a0 \u00a0 El presidente de la Rep\u00fablica de Armenia, Vahakin Khachaturian, y el presidente de la Rep\u00fablica de Turkmenist\u00e1n, Sardar Berdimuhamedov, expresaron en dos mensajes dirigidos &hellip;<\/p>\n","protected":false},"author":31,"featured_media":286418,"comment_status":"closed","ping_status":"closed","sticky":false,"template":"","format":"standard","meta":{"footnotes":""},"categories":[597,467,583],"tags":[6553,17700],"class_list":["post-286417","post","type-post","status-publish","format-standard","has-post-thumbnail","","category-cinta-de-noticias","category-siria-y-el-mundo","category-slide","tag-siria","tag-terremoto"],"_links":{"self":[{"href":"https:\/\/archive.sana.sy\/es\/index.php?rest_route=\/wp\/v2\/posts\/286417"}],"collection":[{"href":"https:\/\/archive.sana.sy\/es\/index.php?rest_route=\/wp\/v2\/posts"}],"about":[{"href":"https:\/\/archive.sana.sy\/es\/index.php?rest_route=\/wp\/v2\/types\/post"}],"author":[{"embeddable":true,"href":"https:\/\/archive.sana.sy\/es\/index.php?rest_route=\/wp\/v2\/users\/31"}],"replies":[{"embeddable":true,"href":"https:\/\/archive.sana.sy\/es\/index.php?rest_route=%2Fwp%2Fv2%2Fcomments&post=286417"}],"version-history":[{"count":0,"href":"https:\/\/archive.sana.sy\/es\/index.php?rest_route=\/wp\/v2\/posts\/286417\/revisions"}],"wp:featuredmedia":[{"embeddable":true,"href":"https:\/\/archive.sana.sy\/es\/index.php?rest_route=\/wp\/v2\/media\/286418"}],"wp:attachment":[{"href":"https:\/\/archive.sana.sy\/es\/index.php?rest_route=%2Fwp%2Fv2%2Fmedia&parent=286417"}],"wp:term":[{"taxonomy":"category","embeddable":true,"href":"https:\/\/archive.sana.sy\/es\/index.php?rest_route=%2Fwp%2Fv2%2Fcategories&post=286417"},{"taxonomy":"post_tag","embeddable":true,"href":"https:\/\/archive.sana.sy\/es\/index.php?rest_route=%2Fwp%2Fv2%2Ftags&post=286417"}],"curies":[{"name":"wp","href":"https:\/\/api.w.org\/{rel}","templated":true}]}}