{"id":286466,"date":"2023-02-09T21:29:43","date_gmt":"2023-02-09T18:29:43","guid":{"rendered":"https:\/\/sana.sy\/es\/?p=286466"},"modified":"2023-02-09T21:29:43","modified_gmt":"2023-02-09T18:29:43","slug":"jordania-reitera-apoyo-y-solidaridad-con-siria","status":"publish","type":"post","link":"https:\/\/archive.sana.sy\/es\/?p=286466","title":{"rendered":"Jordania reitera apoyo y solidaridad con Siria"},"content":{"rendered":"<p style=\"text-align: justify;\"><span style=\"color: #800000;\"><strong>Amm\u00e1n, 09 fe (SANA)<\/strong><\/span> La secretaria general de la Canciller\u00eda jordana para Asuntos Diplom\u00e1ticos y Expatriados, embajadora Lina Al-Hadid, reiter\u00f3 la solidaridad y el apoyo de su pa\u00eds a Siria debido a lo que sufri\u00f3 despu\u00e9s del terremoto.<\/p>\n<p style=\"text-align: justify;\">Durante su visita de hoy a la Embajada de Siria en Amm\u00e1n, Al-Hadid expres\u00f3 sus condolencias a las v\u00edctimas del terremoto que azot\u00f3 Siria, que cobr\u00f3 la vida de cientos y dej\u00f3 a miles heridos.<\/p>\n<p style=\"text-align: justify;\">Asimismo, la alta funcionaria jordana expres\u00f3 la solidaridad de Jordania y su apoyo a los hermanos sirios en esta gran tragedia.<\/p>\n<p><em>ah\/mm<\/em><\/p>\n","protected":false},"excerpt":{"rendered":"<p>Amm\u00e1n, 09 fe (SANA) La secretaria general de la Canciller\u00eda jordana para Asuntos Diplom\u00e1ticos y Expatriados, embajadora Lina Al-Hadid, reiter\u00f3 la solidaridad y el apoyo de su pa\u00eds a Siria debido a lo que sufri\u00f3 despu\u00e9s del terremoto. Durante su visita de hoy a la Embajada de Siria en Amm\u00e1n, Al-Hadid expres\u00f3 sus condolencias a &hellip;<\/p>\n","protected":false},"author":36,"featured_media":286467,"comment_status":"closed","ping_status":"closed","sticky":false,"template":"","format":"standard","meta":{"footnotes":""},"categories":[597,20724,467],"tags":[],"class_list":["post-286466","post","type-post","status-publish","format-standard","has-post-thumbnail","","category-cinta-de-noticias","category-minuto-a-minuto","category-siria-y-el-mundo"],"_links":{"self":[{"href":"https:\/\/archive.sana.sy\/es\/index.php?rest_route=\/wp\/v2\/posts\/286466"}],"collection":[{"href":"https:\/\/archive.sana.sy\/es\/index.php?rest_route=\/wp\/v2\/posts"}],"about":[{"href":"https:\/\/archive.sana.sy\/es\/index.php?rest_route=\/wp\/v2\/types\/post"}],"author":[{"embeddable":true,"href":"https:\/\/archive.sana.sy\/es\/index.php?rest_route=\/wp\/v2\/users\/36"}],"replies":[{"embeddable":true,"href":"https:\/\/archive.sana.sy\/es\/index.php?rest_route=%2Fwp%2Fv2%2Fcomments&post=286466"}],"version-history":[{"count":0,"href":"https:\/\/archive.sana.sy\/es\/index.php?rest_route=\/wp\/v2\/posts\/286466\/revisions"}],"wp:featuredmedia":[{"embeddable":true,"href":"https:\/\/archive.sana.sy\/es\/index.php?rest_route=\/wp\/v2\/media\/286467"}],"wp:attachment":[{"href":"https:\/\/archive.sana.sy\/es\/index.php?rest_route=%2Fwp%2Fv2%2Fmedia&parent=286466"}],"wp:term":[{"taxonomy":"category","embeddable":true,"href":"https:\/\/archive.sana.sy\/es\/index.php?rest_route=%2Fwp%2Fv2%2Fcategories&post=286466"},{"taxonomy":"post_tag","embeddable":true,"href":"https:\/\/archive.sana.sy\/es\/index.php?rest_route=%2Fwp%2Fv2%2Ftags&post=286466"}],"curies":[{"name":"wp","href":"https:\/\/api.w.org\/{rel}","templated":true}]}}