{"id":286500,"date":"2023-02-10T10:09:00","date_gmt":"2023-02-10T07:09:00","guid":{"rendered":"https:\/\/sana.sy\/es\/?p=286500"},"modified":"2023-02-10T10:09:00","modified_gmt":"2023-02-10T07:09:00","slug":"oman-ratifica-solidaridad-y-apoyo-a-siria-ante-el-devastador-terremoto","status":"publish","type":"post","link":"https:\/\/archive.sana.sy\/es\/?p=286500","title":{"rendered":"Om\u00e1n ratifica solidaridad y apoyo a Siria ante el devastador terremoto"},"content":{"rendered":"<blockquote>\n<p style=\"text-align: justify;\"><span style=\"color: #ff6600;\"><strong>Durante una visita a la sede de la Embajada de Siria en Mascate, Al-Harthi expres\u00f3 sus condolencias por las v\u00edctimas del devastador terremoto que azot\u00f3 varias \u00e1reas en Siria, y ratific\u00f3 la solidaridad del Sultanato de Om\u00e1n y su apoyo a Siria ante el terremoto.<\/strong><\/span><\/p>\n<\/blockquote>\n<p style=\"text-align: justify;\"><span style=\"color: #800000;\"><strong>Mascate, 10 feb (SANA)<\/strong> <\/span>El subsecretario de Exteriores de Om\u00e1n para Asuntos Diplom\u00e1ticos, Khalifa Al-Harthi, reiter\u00f3 el apoyo de su pa\u00eds a Siria para superar las circunstancias excepcionales dejadas por el terremoto.<\/p>\n<p style=\"text-align: justify;\">Durante una visita a la sede de la Embajada de Siria en Mascate, Al-Harthi expres\u00f3 sus condolencias por las v\u00edctimas del devastador terremoto que azot\u00f3 varias \u00e1reas en Siria, y ratific\u00f3 la solidaridad del Sultanato de Om\u00e1n y su apoyo a Siria ante el terremoto.<\/p>\n<p style=\"text-align: justify;\">Los primeros vuelos del puente a\u00e9reo, establecido por Om\u00e1n, llegaron al aeropuerto de Damasco con ayuda log\u00edstica y de socorro, donde se espera que lleguen sucesivamente cinco aviones m\u00e1s hasta el pr\u00f3ximo domingo.<\/p>\n<p style=\"text-align: justify;\"><em><strong>ah<\/strong><\/em><\/p>\n","protected":false},"excerpt":{"rendered":"<p>Durante una visita a la sede de la Embajada de Siria en Mascate, Al-Harthi expres\u00f3 sus condolencias por las v\u00edctimas del devastador terremoto que azot\u00f3 varias \u00e1reas en Siria, y ratific\u00f3 la solidaridad del Sultanato de Om\u00e1n y su apoyo a Siria ante el terremoto. Mascate, 10 feb (SANA) El subsecretario de Exteriores de Om\u00e1n &hellip;<\/p>\n","protected":false},"author":30,"featured_media":286501,"comment_status":"closed","ping_status":"closed","sticky":false,"template":"","format":"standard","meta":{"footnotes":""},"categories":[597,20724,467,7541],"tags":[],"class_list":["post-286500","post","type-post","status-publish","format-standard","has-post-thumbnail","","category-cinta-de-noticias","category-minuto-a-minuto","category-siria-y-el-mundo","category-ultimas-noticias"],"_links":{"self":[{"href":"https:\/\/archive.sana.sy\/es\/index.php?rest_route=\/wp\/v2\/posts\/286500"}],"collection":[{"href":"https:\/\/archive.sana.sy\/es\/index.php?rest_route=\/wp\/v2\/posts"}],"about":[{"href":"https:\/\/archive.sana.sy\/es\/index.php?rest_route=\/wp\/v2\/types\/post"}],"author":[{"embeddable":true,"href":"https:\/\/archive.sana.sy\/es\/index.php?rest_route=\/wp\/v2\/users\/30"}],"replies":[{"embeddable":true,"href":"https:\/\/archive.sana.sy\/es\/index.php?rest_route=%2Fwp%2Fv2%2Fcomments&post=286500"}],"version-history":[{"count":0,"href":"https:\/\/archive.sana.sy\/es\/index.php?rest_route=\/wp\/v2\/posts\/286500\/revisions"}],"wp:featuredmedia":[{"embeddable":true,"href":"https:\/\/archive.sana.sy\/es\/index.php?rest_route=\/wp\/v2\/media\/286501"}],"wp:attachment":[{"href":"https:\/\/archive.sana.sy\/es\/index.php?rest_route=%2Fwp%2Fv2%2Fmedia&parent=286500"}],"wp:term":[{"taxonomy":"category","embeddable":true,"href":"https:\/\/archive.sana.sy\/es\/index.php?rest_route=%2Fwp%2Fv2%2Fcategories&post=286500"},{"taxonomy":"post_tag","embeddable":true,"href":"https:\/\/archive.sana.sy\/es\/index.php?rest_route=%2Fwp%2Fv2%2Ftags&post=286500"}],"curies":[{"name":"wp","href":"https:\/\/api.w.org\/{rel}","templated":true}]}}