{"id":286506,"date":"2023-02-10T10:22:48","date_gmt":"2023-02-10T07:22:48","guid":{"rendered":"https:\/\/sana.sy\/es\/?p=286506"},"modified":"2023-02-10T11:08:18","modified_gmt":"2023-02-10T08:08:18","slug":"iran-destaca-a-la-onu-necesidad-de-aumentar-ayuda-internacional-a-los-afectados-por-el-terremoto-en-siria","status":"publish","type":"post","link":"https:\/\/archive.sana.sy\/es\/?p=286506","title":{"rendered":"Ir\u00e1n pide a la ONU aumentar ayuda internacional a afectados por el terremoto en Siria"},"content":{"rendered":"<blockquote>\n<p style=\"text-align: justify;\"><span style=\"color: #ff6600;\"><strong>\u201cIr\u00e1n est\u00e1 dispuesto para proporcionar todas las formas de asistencia humanitaria a los afectados por el terremoto\u201d, se\u00f1al\u00f3 el Canciller iran\u00ed.<\/strong><\/span><\/p>\n<\/blockquote>\n<p style=\"text-align: justify;\"><span style=\"color: #800000;\"><strong>Teher\u00e1n, 10 feb (SANA)<\/strong> <\/span>El ministro de Exteriores iran\u00ed, Hosein Amir-Abdollahian, destac\u00f3 la necesidad de aumentar la ayuda internacional a la poblaci\u00f3n en las zonas afectadas por el terremoto en Siria y Turqu\u00eda.<\/p>\n<p style=\"text-align: justify;\">Abdollahian dijo durante una llamada telef\u00f3nica con el secretario general de la ONU, Antonio Guterres, que \u201cse espera que el coordinador humanitario adjunto del secretario general de la ONU preste especial atenci\u00f3n a este tema\u201d.<\/p>\n<p style=\"text-align: justify;\">\u201cIr\u00e1n est\u00e1 dispuesto para proporcionar todas las formas de asistencia humanitaria a los afectados por el terremoto\u201d, se\u00f1al\u00f3 el Canciller iran\u00ed.<\/p>\n<p style=\"text-align: justify;\">Por su parte, el Secretario General de las Naciones Unidas confirm\u00f3 que el Adjunto de Asuntos Humanitarios de las Naciones Unidas ir\u00e1 a Siria y Turqu\u00eda, y las Naciones Unidas utilizar\u00e1n todas sus energ\u00edas para ayudar a las v\u00edctimas del terremoto, incluso en Siria.<\/p>\n<p style=\"text-align: justify;\">\u201cConsideramos que ayudar al pueblo sirio es un asunto puramente humanitario\u201d, concluy\u00f3 Guterres.<\/p>\n<p style=\"text-align: justify;\"><em><strong>ah\/fm<\/strong><\/em><\/p>\n","protected":false},"excerpt":{"rendered":"<p>\u201cIr\u00e1n est\u00e1 dispuesto para proporcionar todas las formas de asistencia humanitaria a los afectados por el terremoto\u201d, se\u00f1al\u00f3 el Canciller iran\u00ed. Teher\u00e1n, 10 feb (SANA) El ministro de Exteriores iran\u00ed, Hosein Amir-Abdollahian, destac\u00f3 la necesidad de aumentar la ayuda internacional a la poblaci\u00f3n en las zonas afectadas por el terremoto en Siria y Turqu\u00eda. Abdollahian &hellip;<\/p>\n","protected":false},"author":30,"featured_media":286507,"comment_status":"closed","ping_status":"closed","sticky":false,"template":"","format":"standard","meta":{"footnotes":""},"categories":[597,20724,467,7541],"tags":[],"class_list":["post-286506","post","type-post","status-publish","format-standard","has-post-thumbnail","","category-cinta-de-noticias","category-minuto-a-minuto","category-siria-y-el-mundo","category-ultimas-noticias"],"_links":{"self":[{"href":"https:\/\/archive.sana.sy\/es\/index.php?rest_route=\/wp\/v2\/posts\/286506"}],"collection":[{"href":"https:\/\/archive.sana.sy\/es\/index.php?rest_route=\/wp\/v2\/posts"}],"about":[{"href":"https:\/\/archive.sana.sy\/es\/index.php?rest_route=\/wp\/v2\/types\/post"}],"author":[{"embeddable":true,"href":"https:\/\/archive.sana.sy\/es\/index.php?rest_route=\/wp\/v2\/users\/30"}],"replies":[{"embeddable":true,"href":"https:\/\/archive.sana.sy\/es\/index.php?rest_route=%2Fwp%2Fv2%2Fcomments&post=286506"}],"version-history":[{"count":0,"href":"https:\/\/archive.sana.sy\/es\/index.php?rest_route=\/wp\/v2\/posts\/286506\/revisions"}],"wp:featuredmedia":[{"embeddable":true,"href":"https:\/\/archive.sana.sy\/es\/index.php?rest_route=\/wp\/v2\/media\/286507"}],"wp:attachment":[{"href":"https:\/\/archive.sana.sy\/es\/index.php?rest_route=%2Fwp%2Fv2%2Fmedia&parent=286506"}],"wp:term":[{"taxonomy":"category","embeddable":true,"href":"https:\/\/archive.sana.sy\/es\/index.php?rest_route=%2Fwp%2Fv2%2Fcategories&post=286506"},{"taxonomy":"post_tag","embeddable":true,"href":"https:\/\/archive.sana.sy\/es\/index.php?rest_route=%2Fwp%2Fv2%2Ftags&post=286506"}],"curies":[{"name":"wp","href":"https:\/\/api.w.org\/{rel}","templated":true}]}}