{"id":28659,"date":"2015-08-20T18:34:08","date_gmt":"2015-08-20T15:34:08","guid":{"rendered":"http:\/\/sana.sy\/es\/?p=28659"},"modified":"2015-08-21T16:12:12","modified_gmt":"2015-08-21T13:12:12","slug":"el-presidente-al-assad-nombra-a-la-senora-rima-al-qadiri-como-ministra-de-asuntos-sociales-y-a-jamal-shahin-ministro-de-comercio-interior-y-proteccion-del-consumidor","status":"publish","type":"post","link":"https:\/\/archive.sana.sy\/es\/?p=28659","title":{"rendered":"Presidente al-Assad nombra a dos nuevos ministros"},"content":{"rendered":"<p><span style=\"color: #800000\">Damasco, SANA<\/span><\/p>\n<p>El presidente Bashar al-Assad, emiti\u00f3 este jueves, un decreto que nombran a Rima Kadri como ministra de Asuntos Sociales sustituyendo a la Dra. Kinda Al-Shammat.<\/p>\n<p>El presidente promulg\u00f3 tambi\u00e9n otro decreto que nombra a Jamal Shajin como ministro de Comercio Interior y Protecci\u00f3n al Consumidor sustituyendo a Hassan Safieh.<\/p>\n<p>La ministra Kadri\u00a0naci\u00f3 en Damasco en 1963. Se gradu\u00f3 de la Facultad de Filolog\u00eda francesa en 1986. Ocup\u00f3 varios puestos en el sector privado, el Banco Comercial de Siria, el Ministerio de Econom\u00eda y Comercio Exterior. Fue nombrada como Vicepresidente del Organismo de Planificaci\u00f3n y Cooperaci\u00f3n Internacional en abril de 2009 y luego jefa de este organismo en septiembre de 2014 hasta la fecha actual.<\/p>\n<p>El Ministro Shajin naci\u00f3 en Homs en 1971. Tiene t\u00edtulo de abogado. Fue designado ministro del Estado en el gobierno anterior y ministro del Estado para la Inversi\u00f3n en el actual gabinete desde el 27 agosto 2014.<\/p>\n<p>&nbsp;<\/p>\n<p>&nbsp;<\/p>\n<p><span style=\"color: #00ccff\">Fady M., Hala B., Lynn A.<\/span><\/p>\n<p>&nbsp;<\/p>\n<p>&nbsp;<\/p>\n","protected":false},"excerpt":{"rendered":"<p>Damasco, SANA El presidente Bashar al-Assad, emiti\u00f3 este jueves, un decreto que nombran a Rima Kadri como ministra de Asuntos Sociales sustituyendo a la Dra. Kinda Al-Shammat. El presidente promulg\u00f3 tambi\u00e9n otro decreto que nombra a Jamal Shajin como ministro de Comercio Interior y Protecci\u00f3n al Consumidor sustituyendo a Hassan Safieh. La ministra Kadri\u00a0naci\u00f3 en &hellip;<\/p>\n","protected":false},"author":1,"featured_media":28660,"comment_status":"closed","ping_status":"closed","sticky":false,"template":"","format":"standard","meta":{"footnotes":""},"categories":[477,597,476,626],"tags":[6364],"class_list":["post-28659","post","type-post","status-publish","format-standard","has-post-thumbnail","","category-noticias-edulcorantes","category-cinta-de-noticias","category-locales","category-sr-presidente","tag-el-presidente-al-assad-nombra-a-la-senora-rima-al-qadiri-como-ministra-de-asuntos-sociales-y-a-jamal-shahin-ministro-de-comercio-interior-y-proteccion-del-consumidor"],"_links":{"self":[{"href":"https:\/\/archive.sana.sy\/es\/index.php?rest_route=\/wp\/v2\/posts\/28659"}],"collection":[{"href":"https:\/\/archive.sana.sy\/es\/index.php?rest_route=\/wp\/v2\/posts"}],"about":[{"href":"https:\/\/archive.sana.sy\/es\/index.php?rest_route=\/wp\/v2\/types\/post"}],"author":[{"embeddable":true,"href":"https:\/\/archive.sana.sy\/es\/index.php?rest_route=\/wp\/v2\/users\/1"}],"replies":[{"embeddable":true,"href":"https:\/\/archive.sana.sy\/es\/index.php?rest_route=%2Fwp%2Fv2%2Fcomments&post=28659"}],"version-history":[{"count":0,"href":"https:\/\/archive.sana.sy\/es\/index.php?rest_route=\/wp\/v2\/posts\/28659\/revisions"}],"wp:featuredmedia":[{"embeddable":true,"href":"https:\/\/archive.sana.sy\/es\/index.php?rest_route=\/wp\/v2\/media\/28660"}],"wp:attachment":[{"href":"https:\/\/archive.sana.sy\/es\/index.php?rest_route=%2Fwp%2Fv2%2Fmedia&parent=28659"}],"wp:term":[{"taxonomy":"category","embeddable":true,"href":"https:\/\/archive.sana.sy\/es\/index.php?rest_route=%2Fwp%2Fv2%2Fcategories&post=28659"},{"taxonomy":"post_tag","embeddable":true,"href":"https:\/\/archive.sana.sy\/es\/index.php?rest_route=%2Fwp%2Fv2%2Ftags&post=28659"}],"curies":[{"name":"wp","href":"https:\/\/api.w.org\/{rel}","templated":true}]}}