{"id":286607,"date":"2023-02-10T19:22:03","date_gmt":"2023-02-10T16:22:03","guid":{"rendered":"https:\/\/sana.sy\/es\/?p=286607"},"modified":"2023-02-10T19:22:03","modified_gmt":"2023-02-10T16:22:03","slug":"presidente-del-parlamento-de-jordania-reitera-apoya-a-siria-ante-devastador-terremoto","status":"publish","type":"post","link":"https:\/\/archive.sana.sy\/es\/?p=286607","title":{"rendered":"Presidente del Parlamento de Jordania reitera apoya a Siria ante devastador terremoto"},"content":{"rendered":"<blockquote>\n<p style=\"text-align: justify;\"><span style=\"color: #800000;\"><em><strong>Los miembros de la delegaci\u00f3n parlamentaria jordana destacaron la profundidad de los lazos que unen a Jordania con Siria, y afirmaron su apoyo y disposici\u00f3n a movilizar todos los esfuerzos posibles para ayudar al pueblo sirio en su terrible experiencia.<\/strong><\/em><\/span><\/p>\n<\/blockquote>\n<p style=\"text-align: justify;\"><strong>Am\u00e1n, 10 feb (SANA)<\/strong> El presidente del parlamento jordano, Ahmed Safadi, expres\u00f3 la solidaridad de su pa\u00eds con Siria tras la cat\u00e1strofe del terremoto que la azot\u00f3, y destac\u00f3 la disposici\u00f3n de Am\u00e1n de movilizar esfuerzos para ayudar al pueblo sirio en su terrible experiencia.<\/p>\n<p style=\"text-align: justify;\">Durante su visita al frente de una delegaci\u00f3n parlamentaria jordana, a la embajada de Siria en Am\u00e1n para ofrecer las condolencias por las v\u00edctimas del terremoto, Al-Safadi expres\u00f3 el gran dolor y la tristeza de todo el pueblo jordano por el terremoto que asol\u00f3 Siria.<\/p>\n<p style=\"text-align: justify;\">Los miembros de la delegaci\u00f3n parlamentaria jordana destacaron la profundidad de los lazos que unen a Jordania con Siria, y afirmaron su apoyo y disposici\u00f3n a movilizar todos los esfuerzos posibles para ayudar al pueblo sirio en su terrible experiencia.<\/p>\n<p style=\"text-align: justify;\">fm\/sm<\/p>\n","protected":false},"excerpt":{"rendered":"<p>Los miembros de la delegaci\u00f3n parlamentaria jordana destacaron la profundidad de los lazos que unen a Jordania con Siria, y afirmaron su apoyo y disposici\u00f3n a movilizar todos los esfuerzos posibles para ayudar al pueblo sirio en su terrible experiencia. Am\u00e1n, 10 feb (SANA) El presidente del parlamento jordano, Ahmed Safadi, expres\u00f3 la solidaridad de &hellip;<\/p>\n","protected":false},"author":39,"featured_media":286608,"comment_status":"closed","ping_status":"closed","sticky":false,"template":"","format":"standard","meta":{"footnotes":""},"categories":[477,597,20724,467,7541],"tags":[],"class_list":["post-286607","post","type-post","status-publish","format-standard","has-post-thumbnail","","category-noticias-edulcorantes","category-cinta-de-noticias","category-minuto-a-minuto","category-siria-y-el-mundo","category-ultimas-noticias"],"_links":{"self":[{"href":"https:\/\/archive.sana.sy\/es\/index.php?rest_route=\/wp\/v2\/posts\/286607"}],"collection":[{"href":"https:\/\/archive.sana.sy\/es\/index.php?rest_route=\/wp\/v2\/posts"}],"about":[{"href":"https:\/\/archive.sana.sy\/es\/index.php?rest_route=\/wp\/v2\/types\/post"}],"author":[{"embeddable":true,"href":"https:\/\/archive.sana.sy\/es\/index.php?rest_route=\/wp\/v2\/users\/39"}],"replies":[{"embeddable":true,"href":"https:\/\/archive.sana.sy\/es\/index.php?rest_route=%2Fwp%2Fv2%2Fcomments&post=286607"}],"version-history":[{"count":0,"href":"https:\/\/archive.sana.sy\/es\/index.php?rest_route=\/wp\/v2\/posts\/286607\/revisions"}],"wp:featuredmedia":[{"embeddable":true,"href":"https:\/\/archive.sana.sy\/es\/index.php?rest_route=\/wp\/v2\/media\/286608"}],"wp:attachment":[{"href":"https:\/\/archive.sana.sy\/es\/index.php?rest_route=%2Fwp%2Fv2%2Fmedia&parent=286607"}],"wp:term":[{"taxonomy":"category","embeddable":true,"href":"https:\/\/archive.sana.sy\/es\/index.php?rest_route=%2Fwp%2Fv2%2Fcategories&post=286607"},{"taxonomy":"post_tag","embeddable":true,"href":"https:\/\/archive.sana.sy\/es\/index.php?rest_route=%2Fwp%2Fv2%2Ftags&post=286607"}],"curies":[{"name":"wp","href":"https:\/\/api.w.org\/{rel}","templated":true}]}}