{"id":286618,"date":"2023-02-10T21:37:04","date_gmt":"2023-02-10T18:37:04","guid":{"rendered":"https:\/\/sana.sy\/es\/?p=286618"},"modified":"2023-02-10T21:37:04","modified_gmt":"2023-02-10T18:37:04","slug":"primer-ministro-de-siria-agradece-el-apoyo-iraqui-al-pueblo-sirio","status":"publish","type":"post","link":"https:\/\/archive.sana.sy\/es\/?p=286618","title":{"rendered":"Primer Ministro de Siria agradece el apoyo iraqu\u00ed al pueblo sirio"},"content":{"rendered":"<p style=\"text-align: justify;\"><span style=\"color: #800000;\"><strong>Damasco, 10 feb (SANA)\u00a0 \u00a0<\/strong><\/span>El primer ministro Hussein Arnous, se reuni\u00f3 hoy con el primer vicepresidente del Senado iraqu\u00ed, Mohsen Al-Mandalawi y la delegaci\u00f3n acompa\u00f1ante.<\/p>\n<p style=\"text-align: justify;\">Los miembros de la delegaci\u00f3n iraqu\u00ed expresaron su solidaridad y apoyo al liderazgo y el pueblo sirio tras la cat\u00e1strofe del terremoto que azot\u00f3 el pa\u00eds y destac\u00f3 la fortaleza de las relaciones fraternales entre los dos pa\u00edses y pueblos hermanos.<\/p>\n<p style=\"text-align: justify;\">Afirmaron que el apoyo del pueblo iraqu\u00ed continuar\u00e1 a Siria y record\u00f3 el apoyo de Siria a Iraq durante las dif\u00edciles etapas por las que atravesaron.<\/p>\n<p style=\"text-align: justify;\">Por su parte, el Primer Ministro expres\u00f3 su agradecimiento al gobierno y el pueblo iraqu\u00eds por la ayuda humanitaria y de socorro prestadas y la respuesta r\u00e1pida a las necesidades esenciales para hacer frente a las repercusiones del terremoto.<\/p>\n<p style=\"text-align: justify;\">rr\/fm<\/p>\n<div id='gallery-1' class='gallery galleryid-286618 gallery-columns-1 gallery-size-full'><figure class='gallery-item'>\n\t\t\t<div class='gallery-icon landscape'>\n\t\t\t\t<a href='https:\/\/archive.sana.sy\/es\/wp-content\/uploads\/2023\/02\/DHS00523-scaled.jpg'><img loading=\"lazy\" decoding=\"async\" width=\"2560\" height=\"1530\" src=\"https:\/\/archive.sana.sy\/es\/wp-content\/uploads\/2023\/02\/DHS00523-scaled.jpg\" class=\"attachment-full size-full\" alt=\"\" srcset=\"https:\/\/archive.sana.sy\/es\/wp-content\/uploads\/2023\/02\/DHS00523-scaled.jpg 2560w, https:\/\/archive.sana.sy\/es\/wp-content\/uploads\/2023\/02\/DHS00523-300x179.jpg 300w, https:\/\/archive.sana.sy\/es\/wp-content\/uploads\/2023\/02\/DHS00523-1024x612.jpg 1024w, https:\/\/archive.sana.sy\/es\/wp-content\/uploads\/2023\/02\/DHS00523-150x90.jpg 150w, https:\/\/archive.sana.sy\/es\/wp-content\/uploads\/2023\/02\/DHS00523-768x459.jpg 768w, https:\/\/archive.sana.sy\/es\/wp-content\/uploads\/2023\/02\/DHS00523-1536x918.jpg 1536w, https:\/\/archive.sana.sy\/es\/wp-content\/uploads\/2023\/02\/DHS00523-2048x1224.jpg 2048w\" sizes=\"(max-width: 2560px) 100vw, 2560px\" \/><\/a>\n\t\t\t<\/div><\/figure>\n\t\t<\/div>\n\n","protected":false},"excerpt":{"rendered":"<p>Damasco, 10 feb (SANA)\u00a0 \u00a0El primer ministro Hussein Arnous, se reuni\u00f3 hoy con el primer vicepresidente del Senado iraqu\u00ed, Mohsen Al-Mandalawi y la delegaci\u00f3n acompa\u00f1ante. Los miembros de la delegaci\u00f3n iraqu\u00ed expresaron su solidaridad y apoyo al liderazgo y el pueblo sirio tras la cat\u00e1strofe del terremoto que azot\u00f3 el pa\u00eds y destac\u00f3 la fortaleza &hellip;<\/p>\n","protected":false},"author":31,"featured_media":286619,"comment_status":"closed","ping_status":"closed","sticky":false,"template":"","format":"standard","meta":{"footnotes":""},"categories":[597,467,7541],"tags":[19663,5835,6553,17700],"class_list":["post-286618","post","type-post","status-publish","format-standard","has-post-thumbnail","","category-cinta-de-noticias","category-siria-y-el-mundo","category-ultimas-noticias","tag-ayuda","tag-iraq","tag-siria","tag-terremoto"],"_links":{"self":[{"href":"https:\/\/archive.sana.sy\/es\/index.php?rest_route=\/wp\/v2\/posts\/286618"}],"collection":[{"href":"https:\/\/archive.sana.sy\/es\/index.php?rest_route=\/wp\/v2\/posts"}],"about":[{"href":"https:\/\/archive.sana.sy\/es\/index.php?rest_route=\/wp\/v2\/types\/post"}],"author":[{"embeddable":true,"href":"https:\/\/archive.sana.sy\/es\/index.php?rest_route=\/wp\/v2\/users\/31"}],"replies":[{"embeddable":true,"href":"https:\/\/archive.sana.sy\/es\/index.php?rest_route=%2Fwp%2Fv2%2Fcomments&post=286618"}],"version-history":[{"count":0,"href":"https:\/\/archive.sana.sy\/es\/index.php?rest_route=\/wp\/v2\/posts\/286618\/revisions"}],"wp:featuredmedia":[{"embeddable":true,"href":"https:\/\/archive.sana.sy\/es\/index.php?rest_route=\/wp\/v2\/media\/286619"}],"wp:attachment":[{"href":"https:\/\/archive.sana.sy\/es\/index.php?rest_route=%2Fwp%2Fv2%2Fmedia&parent=286618"}],"wp:term":[{"taxonomy":"category","embeddable":true,"href":"https:\/\/archive.sana.sy\/es\/index.php?rest_route=%2Fwp%2Fv2%2Fcategories&post=286618"},{"taxonomy":"post_tag","embeddable":true,"href":"https:\/\/archive.sana.sy\/es\/index.php?rest_route=%2Fwp%2Fv2%2Ftags&post=286618"}],"curies":[{"name":"wp","href":"https:\/\/api.w.org\/{rel}","templated":true}]}}