{"id":286622,"date":"2023-02-10T21:59:17","date_gmt":"2023-02-10T18:59:17","guid":{"rendered":"https:\/\/sana.sy\/es\/?p=286622"},"modified":"2023-02-10T21:59:17","modified_gmt":"2023-02-10T18:59:17","slug":"retiran-los-cuerpos-de-cinco-muertos-de-debajo-de-los-escombros-de-un-edificio-colapsados-por-el-terremoto","status":"publish","type":"post","link":"https:\/\/archive.sana.sy\/es\/?p=286622","title":{"rendered":"Retiran los cuerpos de cinco muertos de debajo de los escombros de un edificio colapsados por el terremoto"},"content":{"rendered":"<p style=\"text-align: justify;\"><span style=\"color: #800000;\"><strong>Latakia, 10 feb (SANA)\u00a0 \u00a0<\/strong><\/span>Los equipos de rescate en Jableh recuperaron cinco cuerpos de personas fallecidas que estaban atrapadas debajo de los escombros del edificio Al-Rihawi, en la ciudad costera de Jableh.<\/p>\n<p style=\"text-align: justify;\">El jefe del Equipo de Protecci\u00f3n Civil en Jableh, el teniente coronel Suleiman Ali, comunic\u00f3 a SANA que entre los cad\u00e1veres se encontraba una familia conformada por un padre y sus dos hijos.<\/p>\n<p style=\"text-align: justify;\">Se\u00f1al\u00f3 que las operaciones de remoci\u00f3n de escombros a\u00fan contin\u00faan en el mencionado sitio.<\/p>\n<p style=\"text-align: justify;\">rr\/fm<\/p>\n","protected":false},"excerpt":{"rendered":"<p>Latakia, 10 feb (SANA)\u00a0 \u00a0Los equipos de rescate en Jableh recuperaron cinco cuerpos de personas fallecidas que estaban atrapadas debajo de los escombros del edificio Al-Rihawi, en la ciudad costera de Jableh. El jefe del Equipo de Protecci\u00f3n Civil en Jableh, el teniente coronel Suleiman Ali, comunic\u00f3 a SANA que entre los cad\u00e1veres se encontraba &hellip;<\/p>\n","protected":false},"author":31,"featured_media":286623,"comment_status":"closed","ping_status":"closed","sticky":false,"template":"","format":"standard","meta":{"footnotes":""},"categories":[597,476,7541],"tags":[6553,17700],"class_list":["post-286622","post","type-post","status-publish","format-standard","has-post-thumbnail","","category-cinta-de-noticias","category-locales","category-ultimas-noticias","tag-siria","tag-terremoto"],"_links":{"self":[{"href":"https:\/\/archive.sana.sy\/es\/index.php?rest_route=\/wp\/v2\/posts\/286622"}],"collection":[{"href":"https:\/\/archive.sana.sy\/es\/index.php?rest_route=\/wp\/v2\/posts"}],"about":[{"href":"https:\/\/archive.sana.sy\/es\/index.php?rest_route=\/wp\/v2\/types\/post"}],"author":[{"embeddable":true,"href":"https:\/\/archive.sana.sy\/es\/index.php?rest_route=\/wp\/v2\/users\/31"}],"replies":[{"embeddable":true,"href":"https:\/\/archive.sana.sy\/es\/index.php?rest_route=%2Fwp%2Fv2%2Fcomments&post=286622"}],"version-history":[{"count":0,"href":"https:\/\/archive.sana.sy\/es\/index.php?rest_route=\/wp\/v2\/posts\/286622\/revisions"}],"wp:featuredmedia":[{"embeddable":true,"href":"https:\/\/archive.sana.sy\/es\/index.php?rest_route=\/wp\/v2\/media\/286623"}],"wp:attachment":[{"href":"https:\/\/archive.sana.sy\/es\/index.php?rest_route=%2Fwp%2Fv2%2Fmedia&parent=286622"}],"wp:term":[{"taxonomy":"category","embeddable":true,"href":"https:\/\/archive.sana.sy\/es\/index.php?rest_route=%2Fwp%2Fv2%2Fcategories&post=286622"},{"taxonomy":"post_tag","embeddable":true,"href":"https:\/\/archive.sana.sy\/es\/index.php?rest_route=%2Fwp%2Fv2%2Ftags&post=286622"}],"curies":[{"name":"wp","href":"https:\/\/api.w.org\/{rel}","templated":true}]}}