{"id":28666,"date":"2015-08-20T15:52:05","date_gmt":"2015-08-20T12:52:05","guid":{"rendered":"http:\/\/sana.sy\/es\/?p=28666"},"modified":"2015-08-20T20:08:29","modified_gmt":"2015-08-20T17:08:29","slug":"unesco-condena-la-ejecucion-del-arqueologo-khaled-assaad","status":"publish","type":"post","link":"https:\/\/archive.sana.sy\/es\/?p=28666","title":{"rendered":"UNESCO condena la ejecuci\u00f3n del arque\u00f3logo Khaled Assaad"},"content":{"rendered":"<p><span style=\"color: #800000\">Capitales, SANA<\/span><\/p>\n<p>La Organizaci\u00f3n de las Naciones Unidas para la Educaci\u00f3n, la Ciencia y la Cultura &#8220;UNESCO&#8221; conden\u00f3 la ejecuci\u00f3n del ex director de Museos y Arqueolog\u00eda en Palmira, el investigador y arque\u00f3logo Khaled Asaad, a manos de los terroristas de la organizaci\u00f3n del Estado Isl\u00e1mico, subrayando que este crimen no lograr\u00e1 silenciar la historia.<\/p>\n<p>La agencia de noticias AFP cit\u00f3 a la Directora General de la UNESCO, Arena Bokova, diciendo en un comunicado, que &#8220;los terroristas mataron a Asaad porque no quiso traicionar su compromiso hacia la ciudad de Palmira, expresando su dolor e indignaci\u00f3n por el asesinato brutal.<\/p>\n<p>Bokova conden\u00f3 tambi\u00e9n los ataques con morteros contra el Fortaleza de Damasco y el Museo Nacional la semana pasada, lo que caus\u00f3 la muerte de subdirector del Departamento de Laboratorios de la Direcci\u00f3n General de Antig\u00fcedades y Museos de Siria, Qasim Abdullah Yahya.<\/p>\n<p>Por su parte, el portavoz del Departamento de Estado de Estados Unidos, John Kirby, conden\u00f3 en los t\u00e9rminos m\u00e1s en\u00e9rgicos el asesinato de Asaad, calificando este crimen de brutal y b\u00e1rbaro.<\/p>\n<p>A su vez, el canciller franc\u00e9s Laurent Fabius, conden\u00f3 el b\u00e1rbaro asesinato del arqueol\u00f3gico sirio, se\u00f1alando que todos los responsables de esos actos deben ser procesados ante la justicia.&#8221;<\/p>\n<p>Asimismo, el Ministro de Patrimonio y actividades culturales y de turismo de Italia, Dario Franceschini public\u00f3 en su cuenta Twitter que los museos y centros culturales italianos arriar\u00e1n las banderas nacionales en homenaje al m\u00e1rtir al-Asaad.<\/p>\n<p>A su vez, el primer ministro italiano llam\u00f3 a no rendirse a la barbaridad, se\u00f1alando que todas las ceremonias que celebrar\u00e1 su partido democr\u00e1tico esta tarde se realizar\u00e1n en homenaje al arque\u00f3logo sirio.<\/p>\n<p>Por su parte, el portavoz del Departamento de Estado de EEUU, John Kirby denunci\u00f3 energicamente este crimen, calific\u00e1ndolo de una salvajada cometida por b\u00e1rbaros. Asimismo destac\u00f3 que los intentos de los terroristas del Estado Isl\u00e1mico de acabar con el patrimonio hist\u00f3rico de Siria han terminado en fracaso.<\/p>\n<p>En el mismo contexto, el canciller franc\u00e9s, Laurent Fabius llam\u00f3 a enjuiciar a todas las partes involucradas en esta barbaridad, apreciando los esfuerzos desempe\u00f1ados por al-Asaad durante su labor con las misiones arqueol\u00f3gicas que operaban en Siria.<\/p>\n<p>&nbsp;<\/p>\n<p><span style=\"color: #00ccff\">Fady M., Hala B., Lynn A.<\/span><\/p>\n","protected":false},"excerpt":{"rendered":"<p>Capitales, SANA La Organizaci\u00f3n de las Naciones Unidas para la Educaci\u00f3n, la Ciencia y la Cultura &#8220;UNESCO&#8221; conden\u00f3 la ejecuci\u00f3n del ex director de Museos y Arqueolog\u00eda en Palmira, el investigador y arque\u00f3logo Khaled Asaad, a manos de los terroristas de la organizaci\u00f3n del Estado Isl\u00e1mico, subrayando que este crimen no lograr\u00e1 silenciar la historia. &hellip;<\/p>\n","protected":false},"author":1,"featured_media":28689,"comment_status":"closed","ping_status":"closed","sticky":false,"template":"","format":"standard","meta":{"footnotes":""},"categories":[597,510,456,457,515],"tags":[6366],"class_list":["post-28666","post","type-post","status-publish","format-standard","has-post-thumbnail","","category-cinta-de-noticias","category-arte-y-cultura","category-arabe-internacional-politica","category-noticias-arabe-internacional-politica","category-noticias-arte-y-cultura","tag-unesco-condena-la-ejecucion-del-arqueologo-khaled-assaad"],"_links":{"self":[{"href":"https:\/\/archive.sana.sy\/es\/index.php?rest_route=\/wp\/v2\/posts\/28666"}],"collection":[{"href":"https:\/\/archive.sana.sy\/es\/index.php?rest_route=\/wp\/v2\/posts"}],"about":[{"href":"https:\/\/archive.sana.sy\/es\/index.php?rest_route=\/wp\/v2\/types\/post"}],"author":[{"embeddable":true,"href":"https:\/\/archive.sana.sy\/es\/index.php?rest_route=\/wp\/v2\/users\/1"}],"replies":[{"embeddable":true,"href":"https:\/\/archive.sana.sy\/es\/index.php?rest_route=%2Fwp%2Fv2%2Fcomments&post=28666"}],"version-history":[{"count":0,"href":"https:\/\/archive.sana.sy\/es\/index.php?rest_route=\/wp\/v2\/posts\/28666\/revisions"}],"wp:featuredmedia":[{"embeddable":true,"href":"https:\/\/archive.sana.sy\/es\/index.php?rest_route=\/wp\/v2\/media\/28689"}],"wp:attachment":[{"href":"https:\/\/archive.sana.sy\/es\/index.php?rest_route=%2Fwp%2Fv2%2Fmedia&parent=28666"}],"wp:term":[{"taxonomy":"category","embeddable":true,"href":"https:\/\/archive.sana.sy\/es\/index.php?rest_route=%2Fwp%2Fv2%2Fcategories&post=28666"},{"taxonomy":"post_tag","embeddable":true,"href":"https:\/\/archive.sana.sy\/es\/index.php?rest_route=%2Fwp%2Fv2%2Ftags&post=28666"}],"curies":[{"name":"wp","href":"https:\/\/api.w.org\/{rel}","templated":true}]}}