{"id":286695,"date":"2023-02-11T16:42:28","date_gmt":"2023-02-11T13:42:28","guid":{"rendered":"https:\/\/sana.sy\/es\/?p=286695"},"modified":"2023-02-11T16:42:28","modified_gmt":"2023-02-11T13:42:28","slug":"el-primer-ministro-sirio-recibe-condolencias-por-victimas-del-terremoto-de-su-homologo-pakistani","status":"publish","type":"post","link":"https:\/\/archive.sana.sy\/es\/?p=286695","title":{"rendered":"El primer ministro sirio recibe condolencias por v\u00edctimas del terremoto de su hom\u00f3logo pakistan\u00ed"},"content":{"rendered":"<p style=\"text-align: justify;\"><span style=\"color: #800000;\"><strong>Damasco, 11 feb (SANA) <\/strong><\/span>El primer ministro pakistan\u00ed Shajbaz Sharif, convers\u00f3 telef\u00f3nicamente con su hom\u00f3logo sirio Hussein Arnous, y le expres\u00f3 sus condolencias al gobierno y pueblo sirios por las v\u00edctimas del reciente terremoto que provoc\u00f3 enormes p\u00e9rdidas humanas y gran destrucci\u00f3n en Siria.<\/p>\n<p style=\"text-align: justify;\">El primer ministro paquistan\u00ed manifest\u00f3 el apoyo de su pa\u00eds a Siria y su disposici\u00f3n a brindar socorro y asistencia m\u00e9dica a los afectados por el terremoto.<\/p>\n<p style=\"text-align: justify;\">Por su parte, Arnous expres\u00f3 su agradecimiento y aprecio por la posici\u00f3n de Pakist\u00e1n y su apoyo al pueblo sirio, y consider\u00f3 que esta posici\u00f3n confirma la profundidad y solidez de las relaciones entre ambos.<\/p>\n<p style=\"text-align: justify;\">as\/fm<\/p>\n","protected":false},"excerpt":{"rendered":"<p>Damasco, 11 feb (SANA) El primer ministro pakistan\u00ed Shajbaz Sharif, convers\u00f3 telef\u00f3nicamente con su hom\u00f3logo sirio Hussein Arnous, y le expres\u00f3 sus condolencias al gobierno y pueblo sirios por las v\u00edctimas del reciente terremoto que provoc\u00f3 enormes p\u00e9rdidas humanas y gran destrucci\u00f3n en Siria. El primer ministro paquistan\u00ed manifest\u00f3 el apoyo de su pa\u00eds a &hellip;<\/p>\n","protected":false},"author":42,"featured_media":286696,"comment_status":"closed","ping_status":"closed","sticky":false,"template":"","format":"standard","meta":{"footnotes":""},"categories":[477,597,20724,476,7541],"tags":[],"class_list":["post-286695","post","type-post","status-publish","format-standard","has-post-thumbnail","","category-noticias-edulcorantes","category-cinta-de-noticias","category-minuto-a-minuto","category-locales","category-ultimas-noticias"],"_links":{"self":[{"href":"https:\/\/archive.sana.sy\/es\/index.php?rest_route=\/wp\/v2\/posts\/286695"}],"collection":[{"href":"https:\/\/archive.sana.sy\/es\/index.php?rest_route=\/wp\/v2\/posts"}],"about":[{"href":"https:\/\/archive.sana.sy\/es\/index.php?rest_route=\/wp\/v2\/types\/post"}],"author":[{"embeddable":true,"href":"https:\/\/archive.sana.sy\/es\/index.php?rest_route=\/wp\/v2\/users\/42"}],"replies":[{"embeddable":true,"href":"https:\/\/archive.sana.sy\/es\/index.php?rest_route=%2Fwp%2Fv2%2Fcomments&post=286695"}],"version-history":[{"count":0,"href":"https:\/\/archive.sana.sy\/es\/index.php?rest_route=\/wp\/v2\/posts\/286695\/revisions"}],"wp:featuredmedia":[{"embeddable":true,"href":"https:\/\/archive.sana.sy\/es\/index.php?rest_route=\/wp\/v2\/media\/286696"}],"wp:attachment":[{"href":"https:\/\/archive.sana.sy\/es\/index.php?rest_route=%2Fwp%2Fv2%2Fmedia&parent=286695"}],"wp:term":[{"taxonomy":"category","embeddable":true,"href":"https:\/\/archive.sana.sy\/es\/index.php?rest_route=%2Fwp%2Fv2%2Fcategories&post=286695"},{"taxonomy":"post_tag","embeddable":true,"href":"https:\/\/archive.sana.sy\/es\/index.php?rest_route=%2Fwp%2Fv2%2Ftags&post=286695"}],"curies":[{"name":"wp","href":"https:\/\/api.w.org\/{rel}","templated":true}]}}