{"id":286698,"date":"2023-02-11T16:52:48","date_gmt":"2023-02-11T13:52:48","guid":{"rendered":"https:\/\/sana.sy\/es\/?p=286698"},"modified":"2023-02-11T16:52:48","modified_gmt":"2023-02-11T13:52:48","slug":"el-director-general-de-la-oms-llega-a-zonas-afectadas-por-terremoto-en-alepo-fotos","status":"publish","type":"post","link":"https:\/\/archive.sana.sy\/es\/?p=286698","title":{"rendered":"El Director General de la OMS llega a zonas afectadas por terremoto en Alepo (+ fotos)"},"content":{"rendered":"<blockquote>\n<p style=\"text-align: justify;\"><span style=\"color: #000000;\"><em><strong>\u201cHemos tra\u00eddo 35 toneladas de equipo m\u00e9dico vital necesario para atender las necesidades b\u00e1sicas de los heridos afectados por el terremoto\u201d, dijo Ghebreyesus en declaraciones concedidas a la prensa a su llegada al Aeropuerto Internacional de Alepo.<\/strong><\/em><\/span><\/p>\n<\/blockquote>\n<p style=\"text-align: justify;\"><span style=\"color: #800000;\"><strong>Alepo, 11 feb (SANA)<\/strong><\/span> El director general de la Organizaci\u00f3n Mundial de la Salud (OMS), Tedros Adhanom Ghebreyesus, lleg\u00f3 hoy a la provincia de Alepo en el norte de Siria para visitar algunos hospitales y centros de refugios en esta gobernaci\u00f3n que fue afectada por el terremoto.<\/p>\n<p style=\"text-align: justify;\">\u201cHemos tra\u00eddo 35 toneladas de equipo m\u00e9dico vital necesario para atender las necesidades b\u00e1sicas de los heridos afectados por el terremoto\u201d, dijo Ghebreyesus en declaraciones concedidas a la prensa a su llegada al Aeropuerto Internacional de Alepo.<\/p>\n<p style=\"text-align: justify;\">Agreg\u00f3 que un segundo avi\u00f3n llegar\u00e1 a Siria en los pr\u00f3ximos dos d\u00edas, con unas 30 toneladas de equipos y dispositivos m\u00e9dicos.<\/p>\n<p style=\"text-align: justify;\">A su vez, el ministro de Salud, Hassan Al-Ghobash coment\u00f3 a la prensa que la visita de Ghebreyesus es importante para ver los da\u00f1os causados por el terremoto y la escasez actual de equipos m\u00e9dicos y medicamentos en los hospitales.<\/p>\n<p style=\"text-align: justify;\">El director general de la OMS visit\u00f3 el barrio al-Shaar donde se efect\u00faan labores de remoci\u00f3n de escombros de los edificios derrumbados.<\/p>\n<p style=\"text-align: justify;\">\n<strong>Nota en desarrollo\u2026.<\/strong><\/p>\n<p style=\"text-align: justify;\">fm\/as<\/p>\n<div id='gallery-1' class='gallery galleryid-286698 gallery-columns-1 gallery-size-full'><figure class='gallery-item'>\n\t\t\t<div class='gallery-icon landscape'>\n\t\t\t\t<a href='https:\/\/archive.sana.sy\/es\/?attachment_id=286705'><img loading=\"lazy\" decoding=\"async\" width=\"1280\" height=\"666\" src=\"https:\/\/archive.sana.sy\/es\/wp-content\/uploads\/2023\/02\/f4-1.jpg\" class=\"attachment-full size-full\" alt=\"\" srcset=\"https:\/\/archive.sana.sy\/es\/wp-content\/uploads\/2023\/02\/f4-1.jpg 1280w, https:\/\/archive.sana.sy\/es\/wp-content\/uploads\/2023\/02\/f4-1-300x156.jpg 300w, https:\/\/archive.sana.sy\/es\/wp-content\/uploads\/2023\/02\/f4-1-1024x533.jpg 1024w, https:\/\/archive.sana.sy\/es\/wp-content\/uploads\/2023\/02\/f4-1-150x78.jpg 150w, https:\/\/archive.sana.sy\/es\/wp-content\/uploads\/2023\/02\/f4-1-768x400.jpg 768w\" sizes=\"(max-width: 1280px) 100vw, 1280px\" \/><\/a>\n\t\t\t<\/div><\/figure><figure class='gallery-item'>\n\t\t\t<div class='gallery-icon landscape'>\n\t\t\t\t<a href='https:\/\/archive.sana.sy\/es\/?attachment_id=286706'><img loading=\"lazy\" decoding=\"async\" width=\"1280\" height=\"645\" src=\"https:\/\/archive.sana.sy\/es\/wp-content\/uploads\/2023\/02\/ff2-1.jpg\" class=\"attachment-full size-full\" alt=\"\" srcset=\"https:\/\/archive.sana.sy\/es\/wp-content\/uploads\/2023\/02\/ff2-1.jpg 1280w, https:\/\/archive.sana.sy\/es\/wp-content\/uploads\/2023\/02\/ff2-1-300x151.jpg 300w, https:\/\/archive.sana.sy\/es\/wp-content\/uploads\/2023\/02\/ff2-1-1024x516.jpg 1024w, https:\/\/archive.sana.sy\/es\/wp-content\/uploads\/2023\/02\/ff2-1-150x76.jpg 150w, https:\/\/archive.sana.sy\/es\/wp-content\/uploads\/2023\/02\/ff2-1-768x387.jpg 768w\" sizes=\"(max-width: 1280px) 100vw, 1280px\" \/><\/a>\n\t\t\t<\/div><\/figure><figure class='gallery-item'>\n\t\t\t<div class='gallery-icon landscape'>\n\t\t\t\t<a href='https:\/\/archive.sana.sy\/es\/?attachment_id=286707'><img loading=\"lazy\" decoding=\"async\" width=\"1280\" height=\"625\" src=\"https:\/\/archive.sana.sy\/es\/wp-content\/uploads\/2023\/02\/ffffff-1.jpg\" class=\"attachment-full size-full\" alt=\"\" srcset=\"https:\/\/archive.sana.sy\/es\/wp-content\/uploads\/2023\/02\/ffffff-1.jpg 1280w, https:\/\/archive.sana.sy\/es\/wp-content\/uploads\/2023\/02\/ffffff-1-300x146.jpg 300w, https:\/\/archive.sana.sy\/es\/wp-content\/uploads\/2023\/02\/ffffff-1-1024x500.jpg 1024w, https:\/\/archive.sana.sy\/es\/wp-content\/uploads\/2023\/02\/ffffff-1-150x73.jpg 150w, https:\/\/archive.sana.sy\/es\/wp-content\/uploads\/2023\/02\/ffffff-1-768x375.jpg 768w\" sizes=\"(max-width: 1280px) 100vw, 1280px\" \/><\/a>\n\t\t\t<\/div><\/figure>\n\t\t<\/div>\n\n","protected":false},"excerpt":{"rendered":"<p>\u201cHemos tra\u00eddo 35 toneladas de equipo m\u00e9dico vital necesario para atender las necesidades b\u00e1sicas de los heridos afectados por el terremoto\u201d, dijo Ghebreyesus en declaraciones concedidas a la prensa a su llegada al Aeropuerto Internacional de Alepo. Alepo, 11 feb (SANA) El director general de la Organizaci\u00f3n Mundial de la Salud (OMS), Tedros Adhanom Ghebreyesus, &hellip;<\/p>\n","protected":false},"author":42,"featured_media":286699,"comment_status":"closed","ping_status":"closed","sticky":false,"template":"","format":"standard","meta":{"footnotes":""},"categories":[477,597,456,20724,7541],"tags":[],"class_list":["post-286698","post","type-post","status-publish","format-standard","has-post-thumbnail","","category-noticias-edulcorantes","category-cinta-de-noticias","category-arabe-internacional-politica","category-minuto-a-minuto","category-ultimas-noticias"],"_links":{"self":[{"href":"https:\/\/archive.sana.sy\/es\/index.php?rest_route=\/wp\/v2\/posts\/286698"}],"collection":[{"href":"https:\/\/archive.sana.sy\/es\/index.php?rest_route=\/wp\/v2\/posts"}],"about":[{"href":"https:\/\/archive.sana.sy\/es\/index.php?rest_route=\/wp\/v2\/types\/post"}],"author":[{"embeddable":true,"href":"https:\/\/archive.sana.sy\/es\/index.php?rest_route=\/wp\/v2\/users\/42"}],"replies":[{"embeddable":true,"href":"https:\/\/archive.sana.sy\/es\/index.php?rest_route=%2Fwp%2Fv2%2Fcomments&post=286698"}],"version-history":[{"count":0,"href":"https:\/\/archive.sana.sy\/es\/index.php?rest_route=\/wp\/v2\/posts\/286698\/revisions"}],"wp:featuredmedia":[{"embeddable":true,"href":"https:\/\/archive.sana.sy\/es\/index.php?rest_route=\/wp\/v2\/media\/286699"}],"wp:attachment":[{"href":"https:\/\/archive.sana.sy\/es\/index.php?rest_route=%2Fwp%2Fv2%2Fmedia&parent=286698"}],"wp:term":[{"taxonomy":"category","embeddable":true,"href":"https:\/\/archive.sana.sy\/es\/index.php?rest_route=%2Fwp%2Fv2%2Fcategories&post=286698"},{"taxonomy":"post_tag","embeddable":true,"href":"https:\/\/archive.sana.sy\/es\/index.php?rest_route=%2Fwp%2Fv2%2Ftags&post=286698"}],"curies":[{"name":"wp","href":"https:\/\/api.w.org\/{rel}","templated":true}]}}