{"id":286712,"date":"2023-02-11T18:25:42","date_gmt":"2023-02-11T15:25:42","guid":{"rendered":"http:\/\/107.6.182.27\/es\/?p=286712"},"modified":"2023-02-11T18:31:31","modified_gmt":"2023-02-11T15:31:31","slug":"presidente-al-assad-visita-latakia-una-de-las-cuatro-provincias-sirias-afectadas-por-el-terremoto","status":"publish","type":"post","link":"https:\/\/archive.sana.sy\/es\/?p=286712","title":{"rendered":"Presidente Al-Assad visita Latakia, una de las cuatro provincias sirias afectadas por el terremoto"},"content":{"rendered":"<blockquote>\n<p style=\"text-align: justify;\"><span style=\"color: #000000;\"><em><strong>\u201cLa postura de Occidente respecto a situaciones humanitarias, independientemente del terremoto y de cualquier situaci\u00f3n catastr\u00f3fica, no ha cambiado y sigue siendo la misma\u201d, respondi\u00f3 el presidente a una pregunta sobre si el terremoto hizo un posible cambio en la posici\u00f3n de Occidente y en los tratos de la comunidad internacional con Siria.<\/strong><\/em><\/span><\/p>\n<\/blockquote>\n<p style=\"text-align: justify;\"><span style=\"color: #800000;\"><strong>Damasco, 11 feb (SANA)<\/strong><\/span> El presidente Bashar Al-Assad y la primera dama Asma al-Assad visitaron hoy la ciudad de Latakia, cabecera de la provincia con el mismo nombre y una de las cuatro gobernaciones m\u00e1s afectadas en el pa\u00eds por el terremoto.<\/p>\n<p style=\"text-align: justify;\">El mandatario convers\u00f3 con los heridos ingresados en el Hospital Docente de la Universidad de Tishreen. Ah\u00ed, estuvo al tanto del estado de salud de Duha Nour Allah y su hijo Ibrahim Zakaria, quienes fueron rescatados despu\u00e9s de pasar cinco d\u00edas debajo de los escombros de un edificio colapsado en la ciudad de Jableh.<\/p>\n<p style=\"text-align: justify;\">Asimismo, visit\u00f3 el Centro de Formaci\u00f3n Educativa en el sur de Latakia donde est\u00e1n albergadas familias que quedaron sin hogar.<\/p>\n<p style=\"text-align: justify;\">De igual manera, convers\u00f3 con los equipos de rescate sirios y rusos en el barrio de Al-Ghazalat en la ciudad de Jableh.<\/p>\n<p style=\"text-align: justify;\">Al-Assad critica posici\u00f3n humanitaria de Occidente hacia Siria.<\/p>\n<p style=\"text-align: justify;\">En declaraciones a los medios de prensa, el presidente critic\u00f3 la posici\u00f3n humanitaria de Occidente y dijo que la misma no hay cambiado hacia Siria.<\/p>\n<p style=\"text-align: justify;\">\u201cLa postura de Occidente respecto a situaciones humanitarias, independientemente del terremoto y de cualquier situaci\u00f3n catastr\u00f3fica, no ha cambiado y sigue siendo la misma\u201d, respondi\u00f3 el presidente a una pregunta sobre si el terremoto hizo un posible cambio en la posici\u00f3n de Occidente y en los tratos de la comunidad internacional con Siria.<\/p>\n<p style=\"text-align: justify;\">Precis\u00f3 que cuando habla de Occidente \u00e9l no se refiere a los pueblos sino en el sentido pol\u00edtico en primer lugar, y en el sentido moral cuando habla de los pol\u00edticos occidentales.<\/p>\n<p style=\"text-align: justify;\">Asimismo, respondi\u00f3 otra pregunta sobre la simpat\u00eda y ayuda \u00e1rabe hacia los sirios en su terrible experiencia, y dijo: \u201cno solo simpat\u00eda sino sentimiento de pertenencia de los pueblos \u00e1rabes no ha no cambiado ni se ha alterado\u201d.<\/p>\n<p style=\"text-align: justify;\">En respuesta a una pregunta del reportero de SANA sobre lo que se requiere en la siguiente fase para pasar de una respuesta de emergencia a una respuesta permanente para hacer frente las repercusiones del terremoto, el presidente al-Assad dijo: \u201csiempre buscamos un punto de luz en los momentos severos, y esta regla es general en nuestro m\u00e9todo de trabajo, especialmente despu\u00e9s de la guerra\u201d.<\/p>\n<p style=\"text-align: justify;\">\u201cTenemos una gran cantidad de problemas, algunos de los cuales se han acumulado durante d\u00e9cadas, y otros est\u00e1n relacionados con la guerra mientras algunos tienen que ver con el terremoto\u201d, precis\u00f3.<\/p>\n<p style=\"text-align: justify;\">Tambi\u00e9n, respondi\u00f3 a una pregunta del periodista del peri\u00f3dico Al-Watan sobre el aporte de la comunidad local, diciendo que mostr\u00f3 una solidaridad sin precedentes.<\/p>\n<p style=\"text-align: justify;\">&#8220;Siempre digo que debemos recibir mensajes de la comunidad local y no dar mensajes, y nosotros somos parte de esta comunidad local y pertenecemos a ella\u201d, concluy\u00f3.<\/p>\n<p><span style=\"color: #800000;\"><strong>Hospital Docente de Tishreen<\/strong><\/span><\/p>\n<div id='gallery-1' class='gallery galleryid-286712 gallery-columns-1 gallery-size-full'><figure class='gallery-item'>\n\t\t\t<div class='gallery-icon landscape'>\n\t\t\t\t<a href='https:\/\/archive.sana.sy\/es\/?attachment_id=286714'><img loading=\"lazy\" decoding=\"async\" width=\"660\" height=\"440\" src=\"https:\/\/archive.sana.sy\/es\/wp-content\/uploads\/2023\/02\/7.jpg\" class=\"attachment-full size-full\" alt=\"\" srcset=\"https:\/\/archive.sana.sy\/es\/wp-content\/uploads\/2023\/02\/7.jpg 660w, https:\/\/archive.sana.sy\/es\/wp-content\/uploads\/2023\/02\/7-300x200.jpg 300w, https:\/\/archive.sana.sy\/es\/wp-content\/uploads\/2023\/02\/7-150x100.jpg 150w\" sizes=\"(max-width: 660px) 100vw, 660px\" \/><\/a>\n\t\t\t<\/div><\/figure><figure class='gallery-item'>\n\t\t\t<div class='gallery-icon landscape'>\n\t\t\t\t<a href='https:\/\/archive.sana.sy\/es\/?attachment_id=286715'><img loading=\"lazy\" decoding=\"async\" width=\"660\" height=\"440\" src=\"https:\/\/archive.sana.sy\/es\/wp-content\/uploads\/2023\/02\/8.jpg\" class=\"attachment-full size-full\" alt=\"\" srcset=\"https:\/\/archive.sana.sy\/es\/wp-content\/uploads\/2023\/02\/8.jpg 660w, https:\/\/archive.sana.sy\/es\/wp-content\/uploads\/2023\/02\/8-300x200.jpg 300w, https:\/\/archive.sana.sy\/es\/wp-content\/uploads\/2023\/02\/8-150x100.jpg 150w\" sizes=\"(max-width: 660px) 100vw, 660px\" \/><\/a>\n\t\t\t<\/div><\/figure><figure class='gallery-item'>\n\t\t\t<div class='gallery-icon landscape'>\n\t\t\t\t<a href='https:\/\/archive.sana.sy\/es\/?attachment_id=286716'><img loading=\"lazy\" decoding=\"async\" width=\"660\" height=\"440\" src=\"https:\/\/archive.sana.sy\/es\/wp-content\/uploads\/2023\/02\/9.jpg\" class=\"attachment-full size-full\" alt=\"\" srcset=\"https:\/\/archive.sana.sy\/es\/wp-content\/uploads\/2023\/02\/9.jpg 660w, https:\/\/archive.sana.sy\/es\/wp-content\/uploads\/2023\/02\/9-300x200.jpg 300w, https:\/\/archive.sana.sy\/es\/wp-content\/uploads\/2023\/02\/9-150x100.jpg 150w\" sizes=\"(max-width: 660px) 100vw, 660px\" \/><\/a>\n\t\t\t<\/div><\/figure>\n\t\t<\/div>\n\n<p><span style=\"color: #800000;\"><strong>Centro de acogida de afectados que quedaron sin hogar <\/strong><\/span><\/p>\n<div id='gallery-2' class='gallery galleryid-286712 gallery-columns-1 gallery-size-full'><figure class='gallery-item'>\n\t\t\t<div class='gallery-icon landscape'>\n\t\t\t\t<a href='https:\/\/archive.sana.sy\/es\/?attachment_id=286720'><img loading=\"lazy\" decoding=\"async\" width=\"1200\" height=\"1100\" src=\"https:\/\/archive.sana.sy\/es\/wp-content\/uploads\/2023\/02\/6.jpg\" class=\"attachment-full size-full\" alt=\"\" srcset=\"https:\/\/archive.sana.sy\/es\/wp-content\/uploads\/2023\/02\/6.jpg 1200w, https:\/\/archive.sana.sy\/es\/wp-content\/uploads\/2023\/02\/6-300x275.jpg 300w, https:\/\/archive.sana.sy\/es\/wp-content\/uploads\/2023\/02\/6-1024x939.jpg 1024w, https:\/\/archive.sana.sy\/es\/wp-content\/uploads\/2023\/02\/6-150x138.jpg 150w, https:\/\/archive.sana.sy\/es\/wp-content\/uploads\/2023\/02\/6-768x704.jpg 768w\" sizes=\"(max-width: 1200px) 100vw, 1200px\" \/><\/a>\n\t\t\t<\/div><\/figure><figure class='gallery-item'>\n\t\t\t<div class='gallery-icon landscape'>\n\t\t\t\t<a href='https:\/\/archive.sana.sy\/es\/?attachment_id=286718'><img loading=\"lazy\" decoding=\"async\" width=\"1200\" height=\"1115\" src=\"https:\/\/archive.sana.sy\/es\/wp-content\/uploads\/2023\/02\/4-3.jpg\" class=\"attachment-full size-full\" alt=\"\" srcset=\"https:\/\/archive.sana.sy\/es\/wp-content\/uploads\/2023\/02\/4-3.jpg 1200w, https:\/\/archive.sana.sy\/es\/wp-content\/uploads\/2023\/02\/4-3-300x279.jpg 300w, https:\/\/archive.sana.sy\/es\/wp-content\/uploads\/2023\/02\/4-3-1024x951.jpg 1024w, https:\/\/archive.sana.sy\/es\/wp-content\/uploads\/2023\/02\/4-3-150x139.jpg 150w, https:\/\/archive.sana.sy\/es\/wp-content\/uploads\/2023\/02\/4-3-768x714.jpg 768w\" sizes=\"(max-width: 1200px) 100vw, 1200px\" \/><\/a>\n\t\t\t<\/div><\/figure><figure class='gallery-item'>\n\t\t\t<div class='gallery-icon landscape'>\n\t\t\t\t<a href='https:\/\/archive.sana.sy\/es\/?attachment_id=286719'><img loading=\"lazy\" decoding=\"async\" width=\"1200\" height=\"800\" src=\"https:\/\/archive.sana.sy\/es\/wp-content\/uploads\/2023\/02\/5.jpg\" class=\"attachment-full size-full\" alt=\"\" srcset=\"https:\/\/archive.sana.sy\/es\/wp-content\/uploads\/2023\/02\/5.jpg 1200w, https:\/\/archive.sana.sy\/es\/wp-content\/uploads\/2023\/02\/5-300x200.jpg 300w, https:\/\/archive.sana.sy\/es\/wp-content\/uploads\/2023\/02\/5-1024x683.jpg 1024w, https:\/\/archive.sana.sy\/es\/wp-content\/uploads\/2023\/02\/5-150x100.jpg 150w, https:\/\/archive.sana.sy\/es\/wp-content\/uploads\/2023\/02\/5-768x512.jpg 768w\" sizes=\"(max-width: 1200px) 100vw, 1200px\" \/><\/a>\n\t\t\t<\/div><\/figure>\n\t\t<\/div>\n\n<p><span style=\"color: #800000;\"><strong>En un sitio donde se efect\u00faan labores de rescate\u00a0<\/strong><\/span><\/p>\n<div id='gallery-3' class='gallery galleryid-286712 gallery-columns-1 gallery-size-full'><figure class='gallery-item'>\n\t\t\t<div class='gallery-icon landscape'>\n\t\t\t\t<a href='https:\/\/archive.sana.sy\/es\/?attachment_id=286721'><img loading=\"lazy\" decoding=\"async\" width=\"1200\" height=\"800\" src=\"https:\/\/archive.sana.sy\/es\/wp-content\/uploads\/2023\/02\/1-4.jpg\" class=\"attachment-full size-full\" alt=\"\" srcset=\"https:\/\/archive.sana.sy\/es\/wp-content\/uploads\/2023\/02\/1-4.jpg 1200w, https:\/\/archive.sana.sy\/es\/wp-content\/uploads\/2023\/02\/1-4-300x200.jpg 300w, https:\/\/archive.sana.sy\/es\/wp-content\/uploads\/2023\/02\/1-4-1024x683.jpg 1024w, https:\/\/archive.sana.sy\/es\/wp-content\/uploads\/2023\/02\/1-4-150x100.jpg 150w, https:\/\/archive.sana.sy\/es\/wp-content\/uploads\/2023\/02\/1-4-768x512.jpg 768w\" sizes=\"(max-width: 1200px) 100vw, 1200px\" \/><\/a>\n\t\t\t<\/div><\/figure><figure class='gallery-item'>\n\t\t\t<div class='gallery-icon portrait'>\n\t\t\t\t<a href='https:\/\/archive.sana.sy\/es\/?attachment_id=286722'><img loading=\"lazy\" decoding=\"async\" width=\"1200\" height=\"1800\" src=\"https:\/\/archive.sana.sy\/es\/wp-content\/uploads\/2023\/02\/2-5.jpg\" class=\"attachment-full size-full\" alt=\"\" srcset=\"https:\/\/archive.sana.sy\/es\/wp-content\/uploads\/2023\/02\/2-5.jpg 1200w, https:\/\/archive.sana.sy\/es\/wp-content\/uploads\/2023\/02\/2-5-200x300.jpg 200w, https:\/\/archive.sana.sy\/es\/wp-content\/uploads\/2023\/02\/2-5-683x1024.jpg 683w, https:\/\/archive.sana.sy\/es\/wp-content\/uploads\/2023\/02\/2-5-100x150.jpg 100w, https:\/\/archive.sana.sy\/es\/wp-content\/uploads\/2023\/02\/2-5-768x1152.jpg 768w, https:\/\/archive.sana.sy\/es\/wp-content\/uploads\/2023\/02\/2-5-1024x1536.jpg 1024w\" sizes=\"(max-width: 1200px) 100vw, 1200px\" \/><\/a>\n\t\t\t<\/div><\/figure>\n\t\t<\/div>\n\n<p>&nbsp;<\/p>\n","protected":false},"excerpt":{"rendered":"<p>\u201cLa postura de Occidente respecto a situaciones humanitarias, independientemente del terremoto y de cualquier situaci\u00f3n catastr\u00f3fica, no ha cambiado y sigue siendo la misma\u201d, respondi\u00f3 el presidente a una pregunta sobre si el terremoto hizo un posible cambio en la posici\u00f3n de Occidente y en los tratos de la comunidad internacional con Siria. Damasco, 11 &hellip;<\/p>\n","protected":false},"author":42,"featured_media":286713,"comment_status":"closed","ping_status":"closed","sticky":false,"template":"","format":"standard","meta":{"footnotes":""},"categories":[477,597,20724,16237,583],"tags":[],"class_list":["post-286712","post","type-post","status-publish","format-standard","has-post-thumbnail","","category-noticias-edulcorantes","category-cinta-de-noticias","category-minuto-a-minuto","category-presidence-de-la-republique-arabe-syria","category-slide"],"_links":{"self":[{"href":"https:\/\/archive.sana.sy\/es\/index.php?rest_route=\/wp\/v2\/posts\/286712"}],"collection":[{"href":"https:\/\/archive.sana.sy\/es\/index.php?rest_route=\/wp\/v2\/posts"}],"about":[{"href":"https:\/\/archive.sana.sy\/es\/index.php?rest_route=\/wp\/v2\/types\/post"}],"author":[{"embeddable":true,"href":"https:\/\/archive.sana.sy\/es\/index.php?rest_route=\/wp\/v2\/users\/42"}],"replies":[{"embeddable":true,"href":"https:\/\/archive.sana.sy\/es\/index.php?rest_route=%2Fwp%2Fv2%2Fcomments&post=286712"}],"version-history":[{"count":0,"href":"https:\/\/archive.sana.sy\/es\/index.php?rest_route=\/wp\/v2\/posts\/286712\/revisions"}],"wp:featuredmedia":[{"embeddable":true,"href":"https:\/\/archive.sana.sy\/es\/index.php?rest_route=\/wp\/v2\/media\/286713"}],"wp:attachment":[{"href":"https:\/\/archive.sana.sy\/es\/index.php?rest_route=%2Fwp%2Fv2%2Fmedia&parent=286712"}],"wp:term":[{"taxonomy":"category","embeddable":true,"href":"https:\/\/archive.sana.sy\/es\/index.php?rest_route=%2Fwp%2Fv2%2Fcategories&post=286712"},{"taxonomy":"post_tag","embeddable":true,"href":"https:\/\/archive.sana.sy\/es\/index.php?rest_route=%2Fwp%2Fv2%2Ftags&post=286712"}],"curies":[{"name":"wp","href":"https:\/\/api.w.org\/{rel}","templated":true}]}}