{"id":28673,"date":"2015-08-20T18:13:55","date_gmt":"2015-08-20T15:13:55","guid":{"rendered":"http:\/\/sana.sy\/es\/?p=28673"},"modified":"2015-08-22T14:47:32","modified_gmt":"2015-08-22T11:47:32","slug":"al-moalem-todo-lo-que-beneficia-a-israel-no-merce-el-nombre-de-primavera","status":"publish","type":"post","link":"https:\/\/archive.sana.sy\/es\/?p=28673","title":{"rendered":"Al-Moalem: todo lo que beneficia a Israel no merce el nombre de Primavera"},"content":{"rendered":"<p><span style=\"color: #800000\">El Cairo, SANA<\/span><\/p>\n<p>El ministro de Exteriores y Expatriados, Walid al-Moallem, llam\u00f3 a la aplicaci\u00f3n de las resoluciones del Consejo de Seguridad de la ONU relacionadas con la lucha contra el terrorismo y obligar a los pa\u00edses patrocinadores del terrorismo a detener su financiaci\u00f3n y su armamento a las organizaciones terroristas.<\/p>\n<p>En una entrevista con el canal egipcio &#8220;al-Nahar&#8221;, el canciller sirio dijo que el principal problema radica en la presencia de terroristas extranjeros sobre el territorio sirio.<\/p>\n<p>Asimismo, afirm\u00f3 que la soluci\u00f3n de la crisis en Siria requiere de enormes esfuerzos, expresando su optimismo del papel de Ir\u00e1n en dicha soluci\u00f3n, por ser una potencia regional, destacando que Egipto puede desempa\u00f1ar un papel importante si lo decide.<\/p>\n<p>El alto diplom\u00e1tico sirio aclar\u00f3 que una gran parte del pueblo sirio que acog\u00eda a esos armados, se convencieron de que esos armados representan los intereses de los Estados que los financian, diciendo que el ej\u00e9rcito sirio es unido y firme y seguir\u00e1 hacia adelante en su lucha contra el terrorismo&#8221;.<\/p>\n<p>Tambi\u00e9n, afirm\u00f3 que el terrorismo se exporta a Siria desde m\u00e1s de cien pa\u00edses del mundo y cruzan a trav\u00e9s de los territorios de Turqu\u00eda y Jordania para combatir en Siria.<\/p>\n<p>El ministro sirio agreg\u00f3 que Siria da la bienvenida a cualquier iniciativa para resolver su crisis.<\/p>\n<p><span style=\"color: #0000ff\">Al-Moallem: la \u00faltima declaraci\u00f3n del Consejo de Seguridad de la ONU sobre Siria es un gasto de tiempo<\/span><\/p>\n<p>Asimismo, el canciller al-Moallem concedi\u00f3 otra entrevista al diario egipcio al-Akhbar en la cual calific\u00f3 la \u00faltima declaraci\u00f3n emitida por el Consejo de Seguridad Internacional de la ONU sobre Siria que adopt\u00f3 el plan del enviado especial de la ONU, Staffan de Mistura para la soluci\u00f3n de la crisis siria mediante la creaci\u00f3n de cuatro grupos de trabajo encargado de debatir varios temas como \u201cun gasto de tiempo hasta el pr\u00f3ximo noviembre\u201d.<\/p>\n<p>El jefe de la diplomacia siria lament\u00f3 que el enviado especial de la ONU se convirti\u00f3 en una fuente de datos basados en propagandas y falsas informaciones, denunciando que el mismo no emiti\u00f3 ninguna declaraci\u00f3n o reacci\u00f3n sobre los ataques con misiles librados por los terroristas contra Damasco, Alepo, Latakia, Deraa, o sobre la cat\u00e1strofe humanitaria que sufrieron los habitantes de Alepo despu\u00e9s de que los terroristas cortaran a ellos el agua por varios meses.<\/p>\n<p>Al-Moallem resalt\u00f3 que Siria no mantiene contactos clandestinos con Washington, as\u00ed como reiter\u00f3 que el establecimiento de las llamadas \u201czonas de seguridad\u201d al norte de Siria es una violaci\u00f3n de la soberan\u00eda de esta naci\u00f3n.<\/p>\n<p>En cuanto a la visita de un oficial turco a Damasco, el jefe de la diplomacia tura explic\u00f3 que el mismo es un ex oficial que pertenece a un partido opositor turco, y que se defini\u00f3 como coordinador entre los ej\u00e9rcitos sirio y turco para combatir la organizaci\u00f3n terrorista del Estado Isl\u00e1mico. \u201cSin embargo, nosotros tenemos confianza en que el partido gobernante turco no combatir\u00e1 el EI por razones doctrinales\u201d, acot\u00f3.<\/p>\n<p>Y sobre el acercamiento entre Rusia y EEUU, al-Moallem se\u00f1al\u00f3 que las declaraciones del canciller ruso, Serguei Lavrov durante la \u00faltima rueda de prensa con su par iran\u00ed demuestra que Rusia mantiene una firme postura hacia Siria.<\/p>\n<p>En cuanto a la iniciativa iran\u00ed sobre la soluci\u00f3n de la crisis siria, el canciller sirio aclar\u00f3 que Ir\u00e1n no tiene hasta la fecha una iniciativa sino que un conjunto de ideas que fueron planteadas por el canciller Mohammad Yavad Zarif durante su \u00faltima visita a Damasco.<\/p>\n<p>El jefe de la diplomacia siria manifest\u00f3 la disposici\u00f3n del Gobierno sirio a dialogar con cualquier bando opositor que cree en la unidad y soberan\u00eda de Siria, rechaza el terrorismo y opta por la reforma.<\/p>\n<p>\u201cLa soluci\u00f3n est\u00e1 clara y se basa en una norma de oro que dice que el pueblo sirio es quien decide sobre su futuro y elige a su l\u00edder\u201d, asever\u00f3.<\/p>\n<p>En cuanto a las relaciones con Egipto, al-Moallem expres\u00f3 su esperanza en que esta naci\u00f3n recupere su peso hist\u00f3rico en la regi\u00f3n.<\/p>\n<p>En lo referido a la visita de un enviado egipcio de alto nivel a Siria, el canciller se\u00f1al\u00f3 que no tiene informaci\u00f3n sobre este tema, sin embargo lo cual no niega la existencia de una posible cooperaci\u00f3n en materia de la seguridad entre ambos pa\u00edses, lo cual podr\u00eda constituir el inicio de la normalizaci\u00f3n de las relaciones bilaterales que fueron alterados por el r\u00e9gimen de Mursi.<\/p>\n<p>&nbsp;<\/p>\n<p>&nbsp;<\/p>\n<p><span style=\"color: #00ccff\">Fady M., Hala B., Lynn A.<\/span><\/p>\n","protected":false},"excerpt":{"rendered":"<p>El Cairo, SANA El ministro de Exteriores y Expatriados, Walid al-Moallem, llam\u00f3 a la aplicaci\u00f3n de las resoluciones del Consejo de Seguridad de la ONU relacionadas con la lucha contra el terrorismo y obligar a los pa\u00edses patrocinadores del terrorismo a detener su financiaci\u00f3n y su armamento a las organizaciones terroristas. En una entrevista con &hellip;<\/p>\n","protected":false},"author":1,"featured_media":28674,"comment_status":"closed","ping_status":"closed","sticky":false,"template":"","format":"standard","meta":{"footnotes":""},"categories":[477,555,476],"tags":[6367],"class_list":["post-28673","post","type-post","status-publish","format-standard","has-post-thumbnail","","category-noticias-edulcorantes","category-prensa","category-locales","tag-al-moalem-todo-lo-que-beneficia-a-israel-no-merce-el-nombre-de-primavera"],"_links":{"self":[{"href":"https:\/\/archive.sana.sy\/es\/index.php?rest_route=\/wp\/v2\/posts\/28673"}],"collection":[{"href":"https:\/\/archive.sana.sy\/es\/index.php?rest_route=\/wp\/v2\/posts"}],"about":[{"href":"https:\/\/archive.sana.sy\/es\/index.php?rest_route=\/wp\/v2\/types\/post"}],"author":[{"embeddable":true,"href":"https:\/\/archive.sana.sy\/es\/index.php?rest_route=\/wp\/v2\/users\/1"}],"replies":[{"embeddable":true,"href":"https:\/\/archive.sana.sy\/es\/index.php?rest_route=%2Fwp%2Fv2%2Fcomments&post=28673"}],"version-history":[{"count":0,"href":"https:\/\/archive.sana.sy\/es\/index.php?rest_route=\/wp\/v2\/posts\/28673\/revisions"}],"wp:featuredmedia":[{"embeddable":true,"href":"https:\/\/archive.sana.sy\/es\/index.php?rest_route=\/wp\/v2\/media\/28674"}],"wp:attachment":[{"href":"https:\/\/archive.sana.sy\/es\/index.php?rest_route=%2Fwp%2Fv2%2Fmedia&parent=28673"}],"wp:term":[{"taxonomy":"category","embeddable":true,"href":"https:\/\/archive.sana.sy\/es\/index.php?rest_route=%2Fwp%2Fv2%2Fcategories&post=28673"},{"taxonomy":"post_tag","embeddable":true,"href":"https:\/\/archive.sana.sy\/es\/index.php?rest_route=%2Fwp%2Fv2%2Ftags&post=28673"}],"curies":[{"name":"wp","href":"https:\/\/api.w.org\/{rel}","templated":true}]}}