{"id":286798,"date":"2023-02-12T12:23:12","date_gmt":"2023-02-12T09:23:12","guid":{"rendered":"https:\/\/sana.sy\/es\/?p=286798"},"modified":"2023-02-12T12:23:12","modified_gmt":"2023-02-12T09:23:12","slug":"un-avion-bielorruso-llega-al-aeropuerto-internacional-de-latakia-cargado-con-ayuda-humanitaria-fotos","status":"publish","type":"post","link":"https:\/\/archive.sana.sy\/es\/?p=286798","title":{"rendered":"Un avi\u00f3n bielorruso llega al Aeropuerto Internacional de Latakia cargado con ayuda humanitaria (+ fotos)"},"content":{"rendered":"<blockquote>\n<p style=\"text-align: justify;\"><strong>El viceministro de Emergencias de Bielorrusia, Khodolev Alexander, quien vino a bordo del avi\u00f3n, afirm\u00f3 a SANA que este es el s\u00e9ptimo lote de ayuda que su pa\u00eds brinda a los afectados por el terremoto.<\/strong><\/p>\n<p style=\"text-align: justify;\"><strong>&#8220;El env\u00edo de esta ayuda responde a las directivas del presidente Alexander Lukashenko, para ayudar al pueblo sirio en esta terrible experiencia, y refleja la solidaridad de nuestro pueblo y su posici\u00f3n de lado del sirio&#8221;, dijo el viveministro.<\/strong><\/p>\n<\/blockquote>\n<p style=\"text-align: justify;\"><span style=\"color: #800000;\"><strong>Latakia, 12 feb (SANA)\u00a0<\/strong><\/span> \u00a0Un avi\u00f3n bielorruso aterriz\u00f3 este domingo en el Aeropuerto Internacional de Latakia cargado con ayuda humanitaria.<\/p>\n<p style=\"text-align: justify;\">El viceministro de Emergencias de Bielorrusia, Khodolev Alexander, quien vino a bordo del avi\u00f3n, afirm\u00f3 a SANA que este es el s\u00e9ptimo lote de ayuda que su pa\u00eds brinda a los afectados por el terremoto.<\/p>\n<p style=\"text-align: justify;\">&#8220;El env\u00edo de esta ayuda responde a las directivas del presidente Alexander Lukashenko, para ayudar al pueblo sirio en esta terrible experiencia, y refleja la solidaridad de nuestro pueblo y su posici\u00f3n de lado del sirio&#8221;, dijo el viveministro.<\/p>\n<p style=\"text-align: justify;\">Por su parte, el director del aeropuerto, Ziyad Al-Taweel, explic\u00f3 que el avi\u00f3n transportaba 35 toneladas de alimentos y material m\u00e9dico de socorro, medicinas, tiendas de campa\u00f1a y mantas.<\/p>\n<p style=\"text-align: justify;\">ed\/fm<\/p>\n<div id='gallery-1' class='gallery galleryid-286798 gallery-columns-1 gallery-size-full'><figure class='gallery-item'>\n\t\t\t<div class='gallery-icon landscape'>\n\t\t\t\t<a href='https:\/\/archive.sana.sy\/es\/wp-content\/uploads\/2023\/02\/IMG_20230212_083917-scaled.jpg'><img loading=\"lazy\" decoding=\"async\" width=\"2560\" height=\"1384\" src=\"https:\/\/archive.sana.sy\/es\/wp-content\/uploads\/2023\/02\/IMG_20230212_083917-scaled.jpg\" class=\"attachment-full size-full\" alt=\"\" aria-describedby=\"gallery-1-286804\" srcset=\"https:\/\/archive.sana.sy\/es\/wp-content\/uploads\/2023\/02\/IMG_20230212_083917-scaled.jpg 2560w, https:\/\/archive.sana.sy\/es\/wp-content\/uploads\/2023\/02\/IMG_20230212_083917-300x162.jpg 300w, https:\/\/archive.sana.sy\/es\/wp-content\/uploads\/2023\/02\/IMG_20230212_083917-1024x553.jpg 1024w, https:\/\/archive.sana.sy\/es\/wp-content\/uploads\/2023\/02\/IMG_20230212_083917-150x81.jpg 150w, https:\/\/archive.sana.sy\/es\/wp-content\/uploads\/2023\/02\/IMG_20230212_083917-768x415.jpg 768w, https:\/\/archive.sana.sy\/es\/wp-content\/uploads\/2023\/02\/IMG_20230212_083917-1536x830.jpg 1536w, https:\/\/archive.sana.sy\/es\/wp-content\/uploads\/2023\/02\/IMG_20230212_083917-2048x1107.jpg 2048w\" sizes=\"(max-width: 2560px) 100vw, 2560px\" \/><\/a>\n\t\t\t<\/div>\n\t\t\t\t<figcaption class='wp-caption-text gallery-caption' id='gallery-1-286804'>\n\t\t\t\tdav\n\t\t\t\t<\/figcaption><\/figure><figure class='gallery-item'>\n\t\t\t<div class='gallery-icon landscape'>\n\t\t\t\t<a href='https:\/\/archive.sana.sy\/es\/wp-content\/uploads\/2023\/02\/IMG_20230212_084003-scaled.jpg'><img loading=\"lazy\" decoding=\"async\" width=\"2560\" height=\"1577\" src=\"https:\/\/archive.sana.sy\/es\/wp-content\/uploads\/2023\/02\/IMG_20230212_084003-scaled.jpg\" class=\"attachment-full size-full\" alt=\"\" aria-describedby=\"gallery-1-286805\" srcset=\"https:\/\/archive.sana.sy\/es\/wp-content\/uploads\/2023\/02\/IMG_20230212_084003-scaled.jpg 2560w, https:\/\/archive.sana.sy\/es\/wp-content\/uploads\/2023\/02\/IMG_20230212_084003-300x185.jpg 300w, https:\/\/archive.sana.sy\/es\/wp-content\/uploads\/2023\/02\/IMG_20230212_084003-1024x631.jpg 1024w, https:\/\/archive.sana.sy\/es\/wp-content\/uploads\/2023\/02\/IMG_20230212_084003-150x92.jpg 150w, https:\/\/archive.sana.sy\/es\/wp-content\/uploads\/2023\/02\/IMG_20230212_084003-768x473.jpg 768w, https:\/\/archive.sana.sy\/es\/wp-content\/uploads\/2023\/02\/IMG_20230212_084003-1536x946.jpg 1536w, https:\/\/archive.sana.sy\/es\/wp-content\/uploads\/2023\/02\/IMG_20230212_084003-2048x1261.jpg 2048w\" sizes=\"(max-width: 2560px) 100vw, 2560px\" \/><\/a>\n\t\t\t<\/div>\n\t\t\t\t<figcaption class='wp-caption-text gallery-caption' id='gallery-1-286805'>\n\t\t\t\tdav\n\t\t\t\t<\/figcaption><\/figure>\n\t\t<\/div>\n\n","protected":false},"excerpt":{"rendered":"<p>El viceministro de Emergencias de Bielorrusia, Khodolev Alexander, quien vino a bordo del avi\u00f3n, afirm\u00f3 a SANA que este es el s\u00e9ptimo lote de ayuda que su pa\u00eds brinda a los afectados por el terremoto. &#8220;El env\u00edo de esta ayuda responde a las directivas del presidente Alexander Lukashenko, para ayudar al pueblo sirio en esta &hellip;<\/p>\n","protected":false},"author":32,"featured_media":286803,"comment_status":"closed","ping_status":"closed","sticky":false,"template":"","format":"standard","meta":{"footnotes":""},"categories":[597,467,7541],"tags":[],"class_list":["post-286798","post","type-post","status-publish","format-standard","has-post-thumbnail","","category-cinta-de-noticias","category-siria-y-el-mundo","category-ultimas-noticias"],"_links":{"self":[{"href":"https:\/\/archive.sana.sy\/es\/index.php?rest_route=\/wp\/v2\/posts\/286798"}],"collection":[{"href":"https:\/\/archive.sana.sy\/es\/index.php?rest_route=\/wp\/v2\/posts"}],"about":[{"href":"https:\/\/archive.sana.sy\/es\/index.php?rest_route=\/wp\/v2\/types\/post"}],"author":[{"embeddable":true,"href":"https:\/\/archive.sana.sy\/es\/index.php?rest_route=\/wp\/v2\/users\/32"}],"replies":[{"embeddable":true,"href":"https:\/\/archive.sana.sy\/es\/index.php?rest_route=%2Fwp%2Fv2%2Fcomments&post=286798"}],"version-history":[{"count":0,"href":"https:\/\/archive.sana.sy\/es\/index.php?rest_route=\/wp\/v2\/posts\/286798\/revisions"}],"wp:featuredmedia":[{"embeddable":true,"href":"https:\/\/archive.sana.sy\/es\/index.php?rest_route=\/wp\/v2\/media\/286803"}],"wp:attachment":[{"href":"https:\/\/archive.sana.sy\/es\/index.php?rest_route=%2Fwp%2Fv2%2Fmedia&parent=286798"}],"wp:term":[{"taxonomy":"category","embeddable":true,"href":"https:\/\/archive.sana.sy\/es\/index.php?rest_route=%2Fwp%2Fv2%2Fcategories&post=286798"},{"taxonomy":"post_tag","embeddable":true,"href":"https:\/\/archive.sana.sy\/es\/index.php?rest_route=%2Fwp%2Fv2%2Ftags&post=286798"}],"curies":[{"name":"wp","href":"https:\/\/api.w.org\/{rel}","templated":true}]}}