{"id":286799,"date":"2023-02-12T12:20:28","date_gmt":"2023-02-12T09:20:28","guid":{"rendered":"https:\/\/sana.sy\/es\/?p=286799"},"modified":"2023-02-12T12:21:05","modified_gmt":"2023-02-12T09:21:05","slug":"escuelas-de-siria-reanudan-sus-clases-excepto-en-zonas-afectadas-por-el-terremoto","status":"publish","type":"post","link":"https:\/\/archive.sana.sy\/es\/?p=286799","title":{"rendered":"Escuelas de Siria reanudan sus clases excepto en zonas afectadas por el terremoto"},"content":{"rendered":"<p style=\"text-align: justify;\"><strong><span style=\"color: #800000;\">Damasco, 12 feb (SANA)<\/span>\u00a0<\/strong> Las escuelas en todas las provincias sirias reanudaron hoy sus clases, excepto en las regiones afectadas por terremoto en las provincias de Alepo, Latakia, Hama e Idlib.<\/p>\n<p>El director de Ense\u00f1anza del Ministerio de Educaci\u00f3n, Imad Hazeem, explic\u00f3 que los estudiantes regresaron hoy a clases, despu\u00e9s de una interrupci\u00f3n desde el pasado lunes, por las repercusiones del temblor.<\/p>\n<p>Indic\u00f3 que la decisi\u00f3n fue tomada tras chequear la seguridad estructural de los edificios escolares.<\/p>\n<p>El directivo se\u00f1al\u00f3 que los estudiantes en las gobernaciones afectadas se les har\u00e1 curso intensivo para compensar las clases perdidas.<\/p>\n<p><strong>ws\/fm<\/strong><\/p>\n","protected":false},"excerpt":{"rendered":"<p>Damasco, 12 feb (SANA)\u00a0 Las escuelas en todas las provincias sirias reanudaron hoy sus clases, excepto en las regiones afectadas por terremoto en las provincias de Alepo, Latakia, Hama e Idlib. El director de Ense\u00f1anza del Ministerio de Educaci\u00f3n, Imad Hazeem, explic\u00f3 que los estudiantes regresaron hoy a clases, despu\u00e9s de una interrupci\u00f3n desde el &hellip;<\/p>\n","protected":false},"author":35,"featured_media":286800,"comment_status":"closed","ping_status":"closed","sticky":false,"template":"","format":"standard","meta":{"footnotes":""},"categories":[477,447,597,20724,476,7541],"tags":[],"class_list":["post-286799","post","type-post","status-publish","format-standard","has-post-thumbnail","","category-noticias-edulcorantes","category-local-politica","category-cinta-de-noticias","category-minuto-a-minuto","category-locales","category-ultimas-noticias"],"_links":{"self":[{"href":"https:\/\/archive.sana.sy\/es\/index.php?rest_route=\/wp\/v2\/posts\/286799"}],"collection":[{"href":"https:\/\/archive.sana.sy\/es\/index.php?rest_route=\/wp\/v2\/posts"}],"about":[{"href":"https:\/\/archive.sana.sy\/es\/index.php?rest_route=\/wp\/v2\/types\/post"}],"author":[{"embeddable":true,"href":"https:\/\/archive.sana.sy\/es\/index.php?rest_route=\/wp\/v2\/users\/35"}],"replies":[{"embeddable":true,"href":"https:\/\/archive.sana.sy\/es\/index.php?rest_route=%2Fwp%2Fv2%2Fcomments&post=286799"}],"version-history":[{"count":0,"href":"https:\/\/archive.sana.sy\/es\/index.php?rest_route=\/wp\/v2\/posts\/286799\/revisions"}],"wp:featuredmedia":[{"embeddable":true,"href":"https:\/\/archive.sana.sy\/es\/index.php?rest_route=\/wp\/v2\/media\/286800"}],"wp:attachment":[{"href":"https:\/\/archive.sana.sy\/es\/index.php?rest_route=%2Fwp%2Fv2%2Fmedia&parent=286799"}],"wp:term":[{"taxonomy":"category","embeddable":true,"href":"https:\/\/archive.sana.sy\/es\/index.php?rest_route=%2Fwp%2Fv2%2Fcategories&post=286799"},{"taxonomy":"post_tag","embeddable":true,"href":"https:\/\/archive.sana.sy\/es\/index.php?rest_route=%2Fwp%2Fv2%2Ftags&post=286799"}],"curies":[{"name":"wp","href":"https:\/\/api.w.org\/{rel}","templated":true}]}}