{"id":286872,"date":"2023-02-12T15:59:10","date_gmt":"2023-02-12T12:59:10","guid":{"rendered":"https:\/\/sana.sy\/es\/?p=286872"},"modified":"2023-02-12T15:59:10","modified_gmt":"2023-02-12T12:59:10","slug":"%e2%9a%a1%ef%b8%8f-ultima-hora-%f0%9f%87%b8%f0%9f%87%be-el-presidente-bashar-al-assad-recibio-a-abdullah-bin-zayed-al-nahyan-el-ministro-de-relaciones-exteriores-y-cooperacion-internacional-de-los","status":"publish","type":"post","link":"https:\/\/archive.sana.sy\/es\/?p=286872","title":{"rendered":"\u26a1\ufe0f \u00daLTIMA HORA | ???????? El presidente Bashar Al-Assad recibi\u00f3 a Abdullah bin Zayed Al Nahyan, el ministro de Relaciones Exteriores y Cooperaci\u00f3n Internacional de los Emiratos \u00c1rabes Unidos"},"content":{"rendered":"","protected":false},"excerpt":{"rendered":"","protected":false},"author":32,"featured_media":0,"comment_status":"closed","ping_status":"closed","sticky":false,"template":"","format":"standard","meta":{"footnotes":""},"categories":[596],"tags":[],"class_list":["post-286872","post","type-post","status-publish","format-standard","","category-urgente"],"_links":{"self":[{"href":"https:\/\/archive.sana.sy\/es\/index.php?rest_route=\/wp\/v2\/posts\/286872"}],"collection":[{"href":"https:\/\/archive.sana.sy\/es\/index.php?rest_route=\/wp\/v2\/posts"}],"about":[{"href":"https:\/\/archive.sana.sy\/es\/index.php?rest_route=\/wp\/v2\/types\/post"}],"author":[{"embeddable":true,"href":"https:\/\/archive.sana.sy\/es\/index.php?rest_route=\/wp\/v2\/users\/32"}],"replies":[{"embeddable":true,"href":"https:\/\/archive.sana.sy\/es\/index.php?rest_route=%2Fwp%2Fv2%2Fcomments&post=286872"}],"version-history":[{"count":0,"href":"https:\/\/archive.sana.sy\/es\/index.php?rest_route=\/wp\/v2\/posts\/286872\/revisions"}],"wp:attachment":[{"href":"https:\/\/archive.sana.sy\/es\/index.php?rest_route=%2Fwp%2Fv2%2Fmedia&parent=286872"}],"wp:term":[{"taxonomy":"category","embeddable":true,"href":"https:\/\/archive.sana.sy\/es\/index.php?rest_route=%2Fwp%2Fv2%2Fcategories&post=286872"},{"taxonomy":"post_tag","embeddable":true,"href":"https:\/\/archive.sana.sy\/es\/index.php?rest_route=%2Fwp%2Fv2%2Ftags&post=286872"}],"curies":[{"name":"wp","href":"https:\/\/api.w.org\/{rel}","templated":true}]}}