{"id":286878,"date":"2023-02-12T17:08:16","date_gmt":"2023-02-12T14:08:16","guid":{"rendered":"https:\/\/sana.sy\/es\/?p=286878"},"modified":"2023-02-12T17:57:02","modified_gmt":"2023-02-12T14:57:02","slug":"presidente-de-siria-recibe-a-canciller-de-emiratos-arabes-unidos-2","status":"publish","type":"post","link":"https:\/\/archive.sana.sy\/es\/?p=286878","title":{"rendered":"Presidente de Siria recibe a canciller de Emiratos \u00c1rabes Unidos"},"content":{"rendered":"<blockquote>\n<p style=\"text-align: justify;\"><strong>\u201cEAU fue uno de los primeros pa\u00edses que apoyaron a Siria y enviaron una gran cantidad de asistencia humanitaria y equipos de b\u00fasqueda y rescate, y el pueblo sirio aprecia esta postura y r\u00e1pida respuesta\u201d, dijo el mandatario.<\/strong><br \/>\n<strong>Despu\u00e9s de la reuni\u00f3n con el presidente al-Assad, el ministro emirat\u00ed visit\u00f3 las \u00e1reas afectadas por el terremoto y fue informado sobre los esfuerzos que hacen los equipos de rescate emirat\u00edes que operan en esas \u00e1reas.<\/strong><\/p>\n<\/blockquote>\n<p style=\"text-align: justify;\">Damasco, 12 feb (SANA) El presidente Bashar al-Assad, recibi\u00f3 hoy al ministro de Relaciones Exteriores y Cooperaci\u00f3n Internacional de los Emiratos \u00c1rabes Unidos (EAU), Abdullah bin Zayed Al Nahyan, con quien abord\u00f3 las repercusiones y efectos del terremoto que asol\u00f3 Siria.<\/p>\n<p style=\"text-align: justify;\">El Canciller emirat\u00ed transmiti\u00f3 al presidente al-Assad y al pueblo sirio las condolencias del presidente de Emiratos \u00c1rabes Unidos, Mohammed bin Zayed Al Nahyan, y las del primer ministro y gobernante de Dub\u00e1i, Mohammed bin Rashid Al Maktoum, por las v\u00edctimas del terremoto.<\/p>\n<p style=\"text-align: justify;\">El Canciller expres\u00f3 su sincero p\u00e9same a las familias de las v\u00edctimas y dese\u00f3 pronta recuperaci\u00f3n de los heridos.<br \/>\nAsimismo, reafirm\u00f3 el apoyo y la posici\u00f3n de su pa\u00eds a Siria en esta terrible experiencia, y que continuar\u00e1 la prestaci\u00f3n de la asistencia necesaria para ayudar al pueblo sirio a superar los efectos del desastre.<\/p>\n<p style=\"text-align: justify;\">Por su parte, el presidente al-Assad agradeci\u00f3 al liderazgo y al pueblo de Emiratos \u00c1rabes Unidos por la asistencia que brinda al pueblo sirio.<\/p>\n<p style=\"text-align: justify;\">\u201cEAU fue uno de los primeros pa\u00edses que apoyaron a Siria y enviaron una gran cantidad de asistencia humanitaria y equipos de b\u00fasqueda y rescate, y el pueblo sirio aprecia esta postura y r\u00e1pida respuesta\u201d, dijo el mandatario.<\/p>\n<p style=\"text-align: justify;\">Destac\u00f3 las profundas relaciones bilaterales que unen a los dos pa\u00edses, y los principios humanitarios del hermano pueblo emirat\u00ed.<\/p>\n<p style=\"text-align: justify;\">El presidente al-Assad confi\u00f3 al ministro invitado sus saludos al presidente de los Emiratos, el jeque Mohammed bin Zayed Al Nahyan, y al primer ministro y gobernante de Dub\u00e1i, el jeque Mohammed bin Rashid Al Maktoum, y dese\u00f3 a los EAU mayor progreso y prosperidad.<\/p>\n<p style=\"text-align: justify;\">Despu\u00e9s de la reuni\u00f3n con el presidente al-Assad, el ministro emirat\u00ed visit\u00f3 las \u00e1reas afectadas por el terremoto y fue informado sobre los esfuerzos que hacen los equipos de rescate emirat\u00edes que operan en esas \u00e1reas.<\/p>\n<p style=\"text-align: justify;\">fm\/ed<\/p>\n<div id='gallery-1' class='gallery galleryid-286878 gallery-columns-1 gallery-size-full'><figure class='gallery-item'>\n\t\t\t<div class='gallery-icon landscape'>\n\t\t\t\t<a href='https:\/\/archive.sana.sy\/es\/wp-content\/uploads\/2023\/02\/photo_2023-02-12_15-52-50.jpg'><img loading=\"lazy\" decoding=\"async\" width=\"1280\" height=\"1023\" src=\"https:\/\/archive.sana.sy\/es\/wp-content\/uploads\/2023\/02\/photo_2023-02-12_15-52-50.jpg\" class=\"attachment-full size-full\" alt=\"\" srcset=\"https:\/\/archive.sana.sy\/es\/wp-content\/uploads\/2023\/02\/photo_2023-02-12_15-52-50.jpg 1280w, https:\/\/archive.sana.sy\/es\/wp-content\/uploads\/2023\/02\/photo_2023-02-12_15-52-50-300x240.jpg 300w, https:\/\/archive.sana.sy\/es\/wp-content\/uploads\/2023\/02\/photo_2023-02-12_15-52-50-1024x818.jpg 1024w, https:\/\/archive.sana.sy\/es\/wp-content\/uploads\/2023\/02\/photo_2023-02-12_15-52-50-150x120.jpg 150w, https:\/\/archive.sana.sy\/es\/wp-content\/uploads\/2023\/02\/photo_2023-02-12_15-52-50-768x614.jpg 768w\" sizes=\"(max-width: 1280px) 100vw, 1280px\" \/><\/a>\n\t\t\t<\/div><\/figure><figure class='gallery-item'>\n\t\t\t<div class='gallery-icon landscape'>\n\t\t\t\t<a href='https:\/\/archive.sana.sy\/es\/wp-content\/uploads\/2023\/02\/photo_2023-02-12_15-52-51-2.jpg'><img loading=\"lazy\" decoding=\"async\" width=\"1280\" height=\"708\" src=\"https:\/\/archive.sana.sy\/es\/wp-content\/uploads\/2023\/02\/photo_2023-02-12_15-52-51-2.jpg\" class=\"attachment-full size-full\" alt=\"\" srcset=\"https:\/\/archive.sana.sy\/es\/wp-content\/uploads\/2023\/02\/photo_2023-02-12_15-52-51-2.jpg 1280w, https:\/\/archive.sana.sy\/es\/wp-content\/uploads\/2023\/02\/photo_2023-02-12_15-52-51-2-300x166.jpg 300w, https:\/\/archive.sana.sy\/es\/wp-content\/uploads\/2023\/02\/photo_2023-02-12_15-52-51-2-1024x566.jpg 1024w, https:\/\/archive.sana.sy\/es\/wp-content\/uploads\/2023\/02\/photo_2023-02-12_15-52-51-2-150x83.jpg 150w, https:\/\/archive.sana.sy\/es\/wp-content\/uploads\/2023\/02\/photo_2023-02-12_15-52-51-2-768x425.jpg 768w\" sizes=\"(max-width: 1280px) 100vw, 1280px\" \/><\/a>\n\t\t\t<\/div><\/figure>\n\t\t<\/div>\n\n","protected":false},"excerpt":{"rendered":"<p>\u201cEAU fue uno de los primeros pa\u00edses que apoyaron a Siria y enviaron una gran cantidad de asistencia humanitaria y equipos de b\u00fasqueda y rescate, y el pueblo sirio aprecia esta postura y r\u00e1pida respuesta\u201d, dijo el mandatario. Despu\u00e9s de la reuni\u00f3n con el presidente al-Assad, el ministro emirat\u00ed visit\u00f3 las \u00e1reas afectadas por el &hellip;<\/p>\n","protected":false},"author":32,"featured_media":286888,"comment_status":"closed","ping_status":"closed","sticky":false,"template":"","format":"standard","meta":{"footnotes":""},"categories":[597,476,16237,583],"tags":[],"class_list":["post-286878","post","type-post","status-publish","format-standard","has-post-thumbnail","","category-cinta-de-noticias","category-locales","category-presidence-de-la-republique-arabe-syria","category-slide"],"_links":{"self":[{"href":"https:\/\/archive.sana.sy\/es\/index.php?rest_route=\/wp\/v2\/posts\/286878"}],"collection":[{"href":"https:\/\/archive.sana.sy\/es\/index.php?rest_route=\/wp\/v2\/posts"}],"about":[{"href":"https:\/\/archive.sana.sy\/es\/index.php?rest_route=\/wp\/v2\/types\/post"}],"author":[{"embeddable":true,"href":"https:\/\/archive.sana.sy\/es\/index.php?rest_route=\/wp\/v2\/users\/32"}],"replies":[{"embeddable":true,"href":"https:\/\/archive.sana.sy\/es\/index.php?rest_route=%2Fwp%2Fv2%2Fcomments&post=286878"}],"version-history":[{"count":0,"href":"https:\/\/archive.sana.sy\/es\/index.php?rest_route=\/wp\/v2\/posts\/286878\/revisions"}],"wp:featuredmedia":[{"embeddable":true,"href":"https:\/\/archive.sana.sy\/es\/index.php?rest_route=\/wp\/v2\/media\/286888"}],"wp:attachment":[{"href":"https:\/\/archive.sana.sy\/es\/index.php?rest_route=%2Fwp%2Fv2%2Fmedia&parent=286878"}],"wp:term":[{"taxonomy":"category","embeddable":true,"href":"https:\/\/archive.sana.sy\/es\/index.php?rest_route=%2Fwp%2Fv2%2Fcategories&post=286878"},{"taxonomy":"post_tag","embeddable":true,"href":"https:\/\/archive.sana.sy\/es\/index.php?rest_route=%2Fwp%2Fv2%2Ftags&post=286878"}],"curies":[{"name":"wp","href":"https:\/\/api.w.org\/{rel}","templated":true}]}}