{"id":286881,"date":"2023-02-12T17:03:41","date_gmt":"2023-02-12T14:03:41","guid":{"rendered":"http:\/\/107.6.182.27\/es\/?p=286881"},"modified":"2023-02-12T17:06:52","modified_gmt":"2023-02-12T14:06:52","slug":"siria-y-alta-comisionada-de-la-onu-para-refugiados-repasan-impactos-del-devastador-terremoto","status":"publish","type":"post","link":"https:\/\/archive.sana.sy\/es\/?p=286881","title":{"rendered":"Siria y Alta Comisionada de la ONU para Refugiados repasan impactos del devastador terremoto"},"content":{"rendered":"<p style=\"text-align: justify;\"><span style=\"color: #000000;\"><em><strong>Las conversaciones trataron la posibilidad de ampliar el proyecto \u201cCash\u201d para la asistencia en efectivo y la respuesta r\u00e1pida de la Organizaci\u00f3n para que incluya a los afectados por el terremoto.<\/strong><\/em><\/span><\/p>\n<p style=\"text-align: justify;\"><span style=\"color: #800000;\"><strong>Damasco, 12 feb (SANA) <\/strong><\/span>El ministro de Asuntos Sociales y Trabajo, Muhammad Saif al-Din, examin\u00f3 hoy con la Subcomisionada de las Naciones Unidas para los Refugiados en Siria, Kelly Clement, el cat\u00e1strofe humanitaria provocada por el terremoto.<\/p>\n<p style=\"text-align: justify;\">Las conversaciones trataron la posibilidad de ampliar el proyecto \u201cCash\u201d para la asistencia en efectivo y la respuesta r\u00e1pida de la Organizaci\u00f3n para que incluya a los afectados por el terremoto.<\/p>\n<p style=\"text-align: justify;\">El ministro sirio subray\u00f3 la importancia de aumentar la cooperaci\u00f3n durante esta etapa dif\u00edcil y asegurar todos los servicios ayuda necesaria para los afectados por este desastre natural.<\/p>\n<p style=\"text-align: justify;\">Por su parte, Clement dijo que la Organizaci\u00f3n est\u00e1 lista para brindar todo lo posible para apoyar a los afectados.<\/p>\n<p style=\"text-align: justify;\">as\/fm<\/p>\n","protected":false},"excerpt":{"rendered":"<p>Las conversaciones trataron la posibilidad de ampliar el proyecto \u201cCash\u201d para la asistencia en efectivo y la respuesta r\u00e1pida de la Organizaci\u00f3n para que incluya a los afectados por el terremoto. Damasco, 12 feb (SANA) El ministro de Asuntos Sociales y Trabajo, Muhammad Saif al-Din, examin\u00f3 hoy con la Subcomisionada de las Naciones Unidas para &hellip;<\/p>\n","protected":false},"author":42,"featured_media":286882,"comment_status":"closed","ping_status":"closed","sticky":false,"template":"","format":"standard","meta":{"footnotes":""},"categories":[477,597,20724,476,7541],"tags":[],"class_list":["post-286881","post","type-post","status-publish","format-standard","has-post-thumbnail","","category-noticias-edulcorantes","category-cinta-de-noticias","category-minuto-a-minuto","category-locales","category-ultimas-noticias"],"_links":{"self":[{"href":"https:\/\/archive.sana.sy\/es\/index.php?rest_route=\/wp\/v2\/posts\/286881"}],"collection":[{"href":"https:\/\/archive.sana.sy\/es\/index.php?rest_route=\/wp\/v2\/posts"}],"about":[{"href":"https:\/\/archive.sana.sy\/es\/index.php?rest_route=\/wp\/v2\/types\/post"}],"author":[{"embeddable":true,"href":"https:\/\/archive.sana.sy\/es\/index.php?rest_route=\/wp\/v2\/users\/42"}],"replies":[{"embeddable":true,"href":"https:\/\/archive.sana.sy\/es\/index.php?rest_route=%2Fwp%2Fv2%2Fcomments&post=286881"}],"version-history":[{"count":0,"href":"https:\/\/archive.sana.sy\/es\/index.php?rest_route=\/wp\/v2\/posts\/286881\/revisions"}],"wp:featuredmedia":[{"embeddable":true,"href":"https:\/\/archive.sana.sy\/es\/index.php?rest_route=\/wp\/v2\/media\/286882"}],"wp:attachment":[{"href":"https:\/\/archive.sana.sy\/es\/index.php?rest_route=%2Fwp%2Fv2%2Fmedia&parent=286881"}],"wp:term":[{"taxonomy":"category","embeddable":true,"href":"https:\/\/archive.sana.sy\/es\/index.php?rest_route=%2Fwp%2Fv2%2Fcategories&post=286881"},{"taxonomy":"post_tag","embeddable":true,"href":"https:\/\/archive.sana.sy\/es\/index.php?rest_route=%2Fwp%2Fv2%2Ftags&post=286881"}],"curies":[{"name":"wp","href":"https:\/\/api.w.org\/{rel}","templated":true}]}}