{"id":286897,"date":"2023-02-12T17:50:21","date_gmt":"2023-02-12T14:50:21","guid":{"rendered":"http:\/\/107.6.182.27\/es\/?p=286897"},"modified":"2023-02-12T21:58:18","modified_gmt":"2023-02-12T18:58:18","slug":"el-patriarca-yazigi-hace-un-llamado-al-mundo-para-ayudar-a-siria","status":"publish","type":"post","link":"https:\/\/archive.sana.sy\/es\/?p=286897","title":{"rendered":"El patriarca Yazigi hace un llamado al mundo para ayudar a Siria"},"content":{"rendered":"<blockquote>\n<p style=\"text-align: justify;\"><span style=\"color: #000000;\"><em><strong>Durante una Misa Dominical en la Iglesia del Monasterio Patriarcal de Nuestra Se\u00f1ora de Balamand en el norte del L\u00edbano, Yazigi dijo que el Patriarcado moviliz\u00f3 todos sus esfuerzos para apoyar el trabajo de socorro, y para tal objetivo se form\u00f3 un Comit\u00e9 Superior de Socorro en Damasco para ayudar a los afectados.<\/strong><\/em><\/span><\/p>\n<\/blockquote>\n<p style=\"text-align: justify;\"><span style=\"color: #800000;\"><strong>Bucarest, 12 feb (SANA)\u00a0 <\/strong><\/span>El patriarca de Antioqu\u00eda y todo Oriente para la Iglesia Greco-ortodoxa, Juan X Yazigi, hizo un llamado durante a todos los pa\u00edses y gobiernos del mundo para ayudar a superar las secuelas de terremoto que asol\u00f3 Siria.<\/p>\n<p style=\"text-align: justify;\">Durante una Misa Dominical en la Iglesia del Monasterio Patriarcal de Nuestra Se\u00f1ora de Balamand en el norte del L\u00edbano, Yazigi dijo que el Patriarcado moviliz\u00f3 todos sus esfuerzos para apoyar el trabajo de socorro, y para tal objetivo se form\u00f3 un Comit\u00e9 Superior de Socorro en Damasco para ayudar a los afectados.<\/p>\n<p style=\"text-align: justify;\">as\/fm<\/p>\n","protected":false},"excerpt":{"rendered":"<p>Durante una Misa Dominical en la Iglesia del Monasterio Patriarcal de Nuestra Se\u00f1ora de Balamand en el norte del L\u00edbano, Yazigi dijo que el Patriarcado moviliz\u00f3 todos sus esfuerzos para apoyar el trabajo de socorro, y para tal objetivo se form\u00f3 un Comit\u00e9 Superior de Socorro en Damasco para ayudar a los afectados. Bucarest, 12 &hellip;<\/p>\n","protected":false},"author":42,"featured_media":286898,"comment_status":"closed","ping_status":"closed","sticky":false,"template":"","format":"standard","meta":{"footnotes":""},"categories":[597,20724,467,7541],"tags":[],"class_list":["post-286897","post","type-post","status-publish","format-standard","has-post-thumbnail","","category-cinta-de-noticias","category-minuto-a-minuto","category-siria-y-el-mundo","category-ultimas-noticias"],"_links":{"self":[{"href":"https:\/\/archive.sana.sy\/es\/index.php?rest_route=\/wp\/v2\/posts\/286897"}],"collection":[{"href":"https:\/\/archive.sana.sy\/es\/index.php?rest_route=\/wp\/v2\/posts"}],"about":[{"href":"https:\/\/archive.sana.sy\/es\/index.php?rest_route=\/wp\/v2\/types\/post"}],"author":[{"embeddable":true,"href":"https:\/\/archive.sana.sy\/es\/index.php?rest_route=\/wp\/v2\/users\/42"}],"replies":[{"embeddable":true,"href":"https:\/\/archive.sana.sy\/es\/index.php?rest_route=%2Fwp%2Fv2%2Fcomments&post=286897"}],"version-history":[{"count":0,"href":"https:\/\/archive.sana.sy\/es\/index.php?rest_route=\/wp\/v2\/posts\/286897\/revisions"}],"wp:featuredmedia":[{"embeddable":true,"href":"https:\/\/archive.sana.sy\/es\/index.php?rest_route=\/wp\/v2\/media\/286898"}],"wp:attachment":[{"href":"https:\/\/archive.sana.sy\/es\/index.php?rest_route=%2Fwp%2Fv2%2Fmedia&parent=286897"}],"wp:term":[{"taxonomy":"category","embeddable":true,"href":"https:\/\/archive.sana.sy\/es\/index.php?rest_route=%2Fwp%2Fv2%2Fcategories&post=286897"},{"taxonomy":"post_tag","embeddable":true,"href":"https:\/\/archive.sana.sy\/es\/index.php?rest_route=%2Fwp%2Fv2%2Ftags&post=286897"}],"curies":[{"name":"wp","href":"https:\/\/api.w.org\/{rel}","templated":true}]}}