{"id":286902,"date":"2023-02-12T18:20:43","date_gmt":"2023-02-12T15:20:43","guid":{"rendered":"https:\/\/sana.sy\/es\/?p=286902"},"modified":"2023-02-12T18:20:43","modified_gmt":"2023-02-12T15:20:43","slug":"fuerzas-rusas-logran-nuevo-avance-y-toman-nueva-localidad-en-donetsk","status":"publish","type":"post","link":"https:\/\/archive.sana.sy\/es\/?p=286902","title":{"rendered":"Fuerzas rusas logran nuevo avance y toman nueva localidad en Donetsk"},"content":{"rendered":"<p style=\"text-align: justify;\"><span style=\"color: #800000;\"><strong>Mosc\u00fa, 12 feb (SANA)\u00a0<\/strong> <\/span>\u00a0La localidad de Kr\u00e1snaya Gor\u00e1, ubicada cerca de la ciudad de Artiomovsk en la Rep\u00fablica Popular de Donetsk, cay\u00f3 hoy en manos de las Fuerzas Rusas.<\/p>\n<p style=\"text-align: justify;\">La noticia fue dada a conocer por el l\u00edder del Grupo militar Wagner, Evgueni Prigozhin, quien public\u00f3 en su canal de Telegram fotos y videos que confirman la captura de este importante enclave.<\/p>\n<p style=\"text-align: justify;\">Desde esta localidad, se posibilita culminar casi por completo el cerco de la ciudad de Artiomovsk (Bajmut para los ucranianos).<\/p>\n<p style=\"text-align: justify;\">El jefe interino de Donetsk, Den\u00eds Pushilin, afirm\u00f3 que las unidades militares ucranianas est\u00e1n retrocediendo gradualmente hacia el centro de la ciudad de Artiomovsk.<\/p>\n<p style=\"text-align: justify;\">fm\/rr<\/p>\n","protected":false},"excerpt":{"rendered":"<p>Mosc\u00fa, 12 feb (SANA)\u00a0 \u00a0La localidad de Kr\u00e1snaya Gor\u00e1, ubicada cerca de la ciudad de Artiomovsk en la Rep\u00fablica Popular de Donetsk, cay\u00f3 hoy en manos de las Fuerzas Rusas. La noticia fue dada a conocer por el l\u00edder del Grupo militar Wagner, Evgueni Prigozhin, quien public\u00f3 en su canal de Telegram fotos y videos &hellip;<\/p>\n","protected":false},"author":31,"featured_media":286903,"comment_status":"closed","ping_status":"closed","sticky":false,"template":"","format":"standard","meta":{"footnotes":""},"categories":[456,16687],"tags":[],"class_list":["post-286902","post","type-post","status-publish","format-standard","has-post-thumbnail","","category-arabe-internacional-politica","category-internacionales"],"_links":{"self":[{"href":"https:\/\/archive.sana.sy\/es\/index.php?rest_route=\/wp\/v2\/posts\/286902"}],"collection":[{"href":"https:\/\/archive.sana.sy\/es\/index.php?rest_route=\/wp\/v2\/posts"}],"about":[{"href":"https:\/\/archive.sana.sy\/es\/index.php?rest_route=\/wp\/v2\/types\/post"}],"author":[{"embeddable":true,"href":"https:\/\/archive.sana.sy\/es\/index.php?rest_route=\/wp\/v2\/users\/31"}],"replies":[{"embeddable":true,"href":"https:\/\/archive.sana.sy\/es\/index.php?rest_route=%2Fwp%2Fv2%2Fcomments&post=286902"}],"version-history":[{"count":0,"href":"https:\/\/archive.sana.sy\/es\/index.php?rest_route=\/wp\/v2\/posts\/286902\/revisions"}],"wp:featuredmedia":[{"embeddable":true,"href":"https:\/\/archive.sana.sy\/es\/index.php?rest_route=\/wp\/v2\/media\/286903"}],"wp:attachment":[{"href":"https:\/\/archive.sana.sy\/es\/index.php?rest_route=%2Fwp%2Fv2%2Fmedia&parent=286902"}],"wp:term":[{"taxonomy":"category","embeddable":true,"href":"https:\/\/archive.sana.sy\/es\/index.php?rest_route=%2Fwp%2Fv2%2Fcategories&post=286902"},{"taxonomy":"post_tag","embeddable":true,"href":"https:\/\/archive.sana.sy\/es\/index.php?rest_route=%2Fwp%2Fv2%2Ftags&post=286902"}],"curies":[{"name":"wp","href":"https:\/\/api.w.org\/{rel}","templated":true}]}}