{"id":286911,"date":"2023-02-12T20:17:17","date_gmt":"2023-02-12T17:17:17","guid":{"rendered":"https:\/\/sana.sy\/es\/?p=286911"},"modified":"2023-02-12T20:17:43","modified_gmt":"2023-02-12T17:17:43","slug":"presidente-al-assad-recibe-al-director-general-de-la-oms","status":"publish","type":"post","link":"https:\/\/archive.sana.sy\/es\/?p=286911","title":{"rendered":"Presidente al-Assad recibe al director general de la OMS"},"content":{"rendered":"<p style=\"text-align: justify;\"><span style=\"color: #800000;\"><strong>Damasco, 12 feb (SANA)<\/strong><\/span>\u00a0 \u00a0El presidente sirio Bashar al-Assad, recibi\u00f3 hoy al director general de la Organizaci\u00f3n Mundial de la Salud (OMS), Tedros Adhanom Ghebreyesus.<\/p>\n<p style=\"text-align: justify;\">Durante el encuentro, el mandatario subray\u00f3 la importancia de la visita de la delegaci\u00f3n de la OMS a Siria en estas circunstancias, con el fin de comprobar la situaci\u00f3n m\u00e9dico y sanitaria y las necesidades humanitarias requeridas para tratar a los afectados por el terremoto.<\/p>\n<p style=\"text-align: justify;\">Expres\u00f3 su agradecimiento por los esfuerzos realizados por la Organizaci\u00f3n y lo que brind\u00f3 en apoyo al sector de la salud en Siria.<\/p>\n<p style=\"text-align: justify;\">\u201cSiria espera una cooperaci\u00f3n efectiva con la Organizaci\u00f3n Mundial de la Salud basada en una visi\u00f3n integral que eval\u00fae la realidad del sector de salud e indemnice la escasez de insumos, equipos y medicamentos que no solo satisfacen las necesidades en casos de emergencia y socorro como terremotos o epidemias, sino tambi\u00e9n ayuden en la respuesta a las necesidades sanitarias de la gente frente a enfermedades graves y cr\u00f3nicas como el c\u00e1ncer, la diabetes y otras\u201d, dijo el mandatario.<\/p>\n<p style=\"text-align: justify;\">Por su parte, Ghebreyesus indic\u00f3 que su visita y la delegaci\u00f3n que lo acompa\u00f1\u00f3 a la ciudad de Alepo fue una oportunidad para identificar los suministros m\u00e9dicos y humanitarios necesarios para atender a los heridos por el terremoto.<\/p>\n<p style=\"text-align: justify;\">Expres\u00f3 que la OMS ha enviado un lote de suministros m\u00e9dicos de emergencia y enviar\u00e1 otro lote en los pr\u00f3ximos d\u00edas.<\/p>\n<p style=\"text-align: justify;\">Asimismo, subray\u00f3 que los integrantes de la delegaci\u00f3n afirmaron que la OMS est\u00e1 lista para trabajar con Siria para enfrentar las consecuencias de la guerra y el terremoto, y contribuir a brindar asistencia de acuerdo a las necesidades requeridas.<\/p>\n<p style=\"text-align: justify;\">fm\/rr<\/p>\n","protected":false},"excerpt":{"rendered":"<p>Damasco, 12 feb (SANA)\u00a0 \u00a0El presidente sirio Bashar al-Assad, recibi\u00f3 hoy al director general de la Organizaci\u00f3n Mundial de la Salud (OMS), Tedros Adhanom Ghebreyesus. Durante el encuentro, el mandatario subray\u00f3 la importancia de la visita de la delegaci\u00f3n de la OMS a Siria en estas circunstancias, con el fin de comprobar la situaci\u00f3n m\u00e9dico &hellip;<\/p>\n","protected":false},"author":31,"featured_media":286915,"comment_status":"closed","ping_status":"closed","sticky":false,"template":"","format":"standard","meta":{"footnotes":""},"categories":[597,16237,467,583],"tags":[],"class_list":["post-286911","post","type-post","status-publish","format-standard","has-post-thumbnail","","category-cinta-de-noticias","category-presidence-de-la-republique-arabe-syria","category-siria-y-el-mundo","category-slide"],"_links":{"self":[{"href":"https:\/\/archive.sana.sy\/es\/index.php?rest_route=\/wp\/v2\/posts\/286911"}],"collection":[{"href":"https:\/\/archive.sana.sy\/es\/index.php?rest_route=\/wp\/v2\/posts"}],"about":[{"href":"https:\/\/archive.sana.sy\/es\/index.php?rest_route=\/wp\/v2\/types\/post"}],"author":[{"embeddable":true,"href":"https:\/\/archive.sana.sy\/es\/index.php?rest_route=\/wp\/v2\/users\/31"}],"replies":[{"embeddable":true,"href":"https:\/\/archive.sana.sy\/es\/index.php?rest_route=%2Fwp%2Fv2%2Fcomments&post=286911"}],"version-history":[{"count":0,"href":"https:\/\/archive.sana.sy\/es\/index.php?rest_route=\/wp\/v2\/posts\/286911\/revisions"}],"wp:featuredmedia":[{"embeddable":true,"href":"https:\/\/archive.sana.sy\/es\/index.php?rest_route=\/wp\/v2\/media\/286915"}],"wp:attachment":[{"href":"https:\/\/archive.sana.sy\/es\/index.php?rest_route=%2Fwp%2Fv2%2Fmedia&parent=286911"}],"wp:term":[{"taxonomy":"category","embeddable":true,"href":"https:\/\/archive.sana.sy\/es\/index.php?rest_route=%2Fwp%2Fv2%2Fcategories&post=286911"},{"taxonomy":"post_tag","embeddable":true,"href":"https:\/\/archive.sana.sy\/es\/index.php?rest_route=%2Fwp%2Fv2%2Ftags&post=286911"}],"curies":[{"name":"wp","href":"https:\/\/api.w.org\/{rel}","templated":true}]}}