{"id":286912,"date":"2023-02-12T20:13:48","date_gmt":"2023-02-12T17:13:48","guid":{"rendered":"https:\/\/sana.sy\/es\/?p=286912"},"modified":"2023-02-12T23:15:51","modified_gmt":"2023-02-12T20:15:51","slug":"chanciller-jordano-reitera-apoyo-de-su-pais-a-siria-para-enfrentar-secuelas-del-terremoto","status":"publish","type":"post","link":"https:\/\/archive.sana.sy\/es\/?p=286912","title":{"rendered":"Canciller jordano reitera apoyo de su pa\u00eds a Siria para enfrentar secuelas del terremoto"},"content":{"rendered":"<p style=\"text-align: justify;\"><span style=\"color: #800000;\"><strong>Damasco, 12 feb (SANA)\u00a0 \u00a0<\/strong><\/span>El ministro de Asuntos Exteriores y Expatriados de Siria, Faisal Al-Mikdad, recibi\u00f3 una llamada telef\u00f3nica de su hom\u00f3logo jordano, Ayman Al-Safadi, en la que reiter\u00f3 el apoyo de su pa\u00eds a Siria en esta dif\u00edcil situaci\u00f3n que enfrenta.<\/p>\n<p style=\"text-align: justify;\">Afirm\u00f3 que la coordinaci\u00f3n contin\u00faa para el env\u00edo de ayuda y asistencia humanitaria a los afectados sirios por el terremoto.<\/p>\n<p style=\"text-align: justify;\">Por su parte, el Canciller sirio expres\u00f3 su agradecimiento y aprecio al liderazgo y el pueblo de Jordania por apoyar a Siria en su calvario, y se\u00f1al\u00f3 las profundas relaciones hist\u00f3ricas entre los dos pa\u00edses.<\/p>\n<p style=\"text-align: justify;\">Afirm\u00f3 que Siria aboga por continuar la cooperaci\u00f3n con Jordania en beneficio de los dos pueblos hermanos.<\/p>\n<p style=\"text-align: justify;\">rr\/fm<\/p>\n","protected":false},"excerpt":{"rendered":"<p>Damasco, 12 feb (SANA)\u00a0 \u00a0El ministro de Asuntos Exteriores y Expatriados de Siria, Faisal Al-Mikdad, recibi\u00f3 una llamada telef\u00f3nica de su hom\u00f3logo jordano, Ayman Al-Safadi, en la que reiter\u00f3 el apoyo de su pa\u00eds a Siria en esta dif\u00edcil situaci\u00f3n que enfrenta. Afirm\u00f3 que la coordinaci\u00f3n contin\u00faa para el env\u00edo de ayuda y asistencia humanitaria &hellip;<\/p>\n","protected":false},"author":31,"featured_media":286913,"comment_status":"closed","ping_status":"closed","sticky":false,"template":"","format":"standard","meta":{"footnotes":""},"categories":[597,467,7541],"tags":[8781,6553,17700],"class_list":["post-286912","post","type-post","status-publish","format-standard","has-post-thumbnail","","category-cinta-de-noticias","category-siria-y-el-mundo","category-ultimas-noticias","tag-jordania","tag-siria","tag-terremoto"],"_links":{"self":[{"href":"https:\/\/archive.sana.sy\/es\/index.php?rest_route=\/wp\/v2\/posts\/286912"}],"collection":[{"href":"https:\/\/archive.sana.sy\/es\/index.php?rest_route=\/wp\/v2\/posts"}],"about":[{"href":"https:\/\/archive.sana.sy\/es\/index.php?rest_route=\/wp\/v2\/types\/post"}],"author":[{"embeddable":true,"href":"https:\/\/archive.sana.sy\/es\/index.php?rest_route=\/wp\/v2\/users\/31"}],"replies":[{"embeddable":true,"href":"https:\/\/archive.sana.sy\/es\/index.php?rest_route=%2Fwp%2Fv2%2Fcomments&post=286912"}],"version-history":[{"count":0,"href":"https:\/\/archive.sana.sy\/es\/index.php?rest_route=\/wp\/v2\/posts\/286912\/revisions"}],"wp:featuredmedia":[{"embeddable":true,"href":"https:\/\/archive.sana.sy\/es\/index.php?rest_route=\/wp\/v2\/media\/286913"}],"wp:attachment":[{"href":"https:\/\/archive.sana.sy\/es\/index.php?rest_route=%2Fwp%2Fv2%2Fmedia&parent=286912"}],"wp:term":[{"taxonomy":"category","embeddable":true,"href":"https:\/\/archive.sana.sy\/es\/index.php?rest_route=%2Fwp%2Fv2%2Fcategories&post=286912"},{"taxonomy":"post_tag","embeddable":true,"href":"https:\/\/archive.sana.sy\/es\/index.php?rest_route=%2Fwp%2Fv2%2Ftags&post=286912"}],"curies":[{"name":"wp","href":"https:\/\/api.w.org\/{rel}","templated":true}]}}