{"id":286935,"date":"2023-02-12T17:00:15","date_gmt":"2023-02-12T14:00:15","guid":{"rendered":"https:\/\/sana.sy\/es\/?p=286935"},"modified":"2023-02-12T21:19:57","modified_gmt":"2023-02-12T18:19:57","slug":"presidente-de-mauritania-expresa-sus-condolencias-a-siria-por-el-terremoto","status":"publish","type":"post","link":"https:\/\/archive.sana.sy\/es\/?p=286935","title":{"rendered":"Presidente de Mauritania expresa sus condolencias a Siria por el terremoto\u00a0"},"content":{"rendered":"<p style=\"text-align: justify;\"><span style=\"color: #800000;\"><strong>Damasco, 12 feb (SANA)<\/strong><\/span>\u00a0 \u00a0El presidente Bashar al-Assad recibi\u00f3 una llamada telef\u00f3nica del presidente de Mauritania, Mohamed Ould Cheikh al-Ghazwani, en la que expres\u00f3 su apoyo y solidaridad al pueblo de Siria tras el devastador terremoto.<\/p>\n<p style=\"text-align: justify;\">Al-Ghazwani ofreci\u00f3 su m\u00e1s sentido p\u00e9same al presidente Al-Assad y al pueblo sirio, y dese\u00f3 para los heridos una pronta recuperaci\u00f3n.<\/p>\n<p style=\"text-align: justify;\">Por su parte, el presidente al-Assad agradeci\u00f3 a su hom\u00f3logo mauritano por sus condolencias y la postura de su pa\u00eds en apoyo al pueblo sirio.<\/p>\n<p style=\"text-align: justify;\">rr\/fm<\/p>\n","protected":false},"excerpt":{"rendered":"<p>Damasco, 12 feb (SANA)\u00a0 \u00a0El presidente Bashar al-Assad recibi\u00f3 una llamada telef\u00f3nica del presidente de Mauritania, Mohamed Ould Cheikh al-Ghazwani, en la que expres\u00f3 su apoyo y solidaridad al pueblo de Siria tras el devastador terremoto. Al-Ghazwani ofreci\u00f3 su m\u00e1s sentido p\u00e9same al presidente Al-Assad y al pueblo sirio, y dese\u00f3 para los heridos una &hellip;<\/p>\n","protected":false},"author":31,"featured_media":286936,"comment_status":"closed","ping_status":"closed","sticky":false,"template":"","format":"standard","meta":{"footnotes":""},"categories":[597,467,583],"tags":[],"class_list":["post-286935","post","type-post","status-publish","format-standard","has-post-thumbnail","","category-cinta-de-noticias","category-siria-y-el-mundo","category-slide"],"_links":{"self":[{"href":"https:\/\/archive.sana.sy\/es\/index.php?rest_route=\/wp\/v2\/posts\/286935"}],"collection":[{"href":"https:\/\/archive.sana.sy\/es\/index.php?rest_route=\/wp\/v2\/posts"}],"about":[{"href":"https:\/\/archive.sana.sy\/es\/index.php?rest_route=\/wp\/v2\/types\/post"}],"author":[{"embeddable":true,"href":"https:\/\/archive.sana.sy\/es\/index.php?rest_route=\/wp\/v2\/users\/31"}],"replies":[{"embeddable":true,"href":"https:\/\/archive.sana.sy\/es\/index.php?rest_route=%2Fwp%2Fv2%2Fcomments&post=286935"}],"version-history":[{"count":0,"href":"https:\/\/archive.sana.sy\/es\/index.php?rest_route=\/wp\/v2\/posts\/286935\/revisions"}],"wp:featuredmedia":[{"embeddable":true,"href":"https:\/\/archive.sana.sy\/es\/index.php?rest_route=\/wp\/v2\/media\/286936"}],"wp:attachment":[{"href":"https:\/\/archive.sana.sy\/es\/index.php?rest_route=%2Fwp%2Fv2%2Fmedia&parent=286935"}],"wp:term":[{"taxonomy":"category","embeddable":true,"href":"https:\/\/archive.sana.sy\/es\/index.php?rest_route=%2Fwp%2Fv2%2Fcategories&post=286935"},{"taxonomy":"post_tag","embeddable":true,"href":"https:\/\/archive.sana.sy\/es\/index.php?rest_route=%2Fwp%2Fv2%2Ftags&post=286935"}],"curies":[{"name":"wp","href":"https:\/\/api.w.org\/{rel}","templated":true}]}}