{"id":286938,"date":"2023-02-12T21:35:10","date_gmt":"2023-02-12T18:35:10","guid":{"rendered":"https:\/\/sana.sy\/es\/?p=286938"},"modified":"2023-02-12T21:35:10","modified_gmt":"2023-02-12T18:35:10","slug":"tres-palestinos-heridos-por-disparos-israelies-en-cisjordania","status":"publish","type":"post","link":"https:\/\/archive.sana.sy\/es\/?p=286938","title":{"rendered":"Tres palestinos heridos por disparos israel\u00edes en Cisjordania"},"content":{"rendered":"<p style=\"text-align: justify;\"><span style=\"color: #800000;\"><strong>Jerusal\u00e9n ocupada, 12 feb (SANA)\u00a0 \u00a0<\/strong><\/span>Tres palestinos resultaron heridos por disparos de las fuerzas de ocupaci\u00f3n israel\u00edes de Jenin, en Cisjordania.<\/p>\n<p style=\"text-align: justify;\">La agencia de noticias palestina Wafa inform\u00f3 que las fuerzas de ocupaci\u00f3n irrumpieron la ciudad y dispararon contra los palestinos, hiriendo a tres de ellos, mientras arrestaron al prisionero liberado, Jibril Al-Zubaidi, quien pas\u00f3 m\u00e1s de 11 a\u00f1os en los centros de detenci\u00f3n de la ocupaci\u00f3n.<\/p>\n<p style=\"text-align: justify;\">Las tropas sionistas arrestaron a 7 palestinos en varios localidades de Cisjordania.<\/p>\n<p style=\"text-align: justify;\">as\/fm\/rr<\/p>\n","protected":false},"excerpt":{"rendered":"<p>Jerusal\u00e9n ocupada, 12 feb (SANA)\u00a0 \u00a0Tres palestinos resultaron heridos por disparos de las fuerzas de ocupaci\u00f3n israel\u00edes de Jenin, en Cisjordania. La agencia de noticias palestina Wafa inform\u00f3 que las fuerzas de ocupaci\u00f3n irrumpieron la ciudad y dispararon contra los palestinos, hiriendo a tres de ellos, mientras arrestaron al prisionero liberado, Jibril Al-Zubaidi, quien pas\u00f3 &hellip;<\/p>\n","protected":false},"author":31,"featured_media":286939,"comment_status":"closed","ping_status":"closed","sticky":false,"template":"","format":"standard","meta":{"footnotes":""},"categories":[456,16687],"tags":[],"class_list":["post-286938","post","type-post","status-publish","format-standard","has-post-thumbnail","","category-arabe-internacional-politica","category-internacionales"],"_links":{"self":[{"href":"https:\/\/archive.sana.sy\/es\/index.php?rest_route=\/wp\/v2\/posts\/286938"}],"collection":[{"href":"https:\/\/archive.sana.sy\/es\/index.php?rest_route=\/wp\/v2\/posts"}],"about":[{"href":"https:\/\/archive.sana.sy\/es\/index.php?rest_route=\/wp\/v2\/types\/post"}],"author":[{"embeddable":true,"href":"https:\/\/archive.sana.sy\/es\/index.php?rest_route=\/wp\/v2\/users\/31"}],"replies":[{"embeddable":true,"href":"https:\/\/archive.sana.sy\/es\/index.php?rest_route=%2Fwp%2Fv2%2Fcomments&post=286938"}],"version-history":[{"count":0,"href":"https:\/\/archive.sana.sy\/es\/index.php?rest_route=\/wp\/v2\/posts\/286938\/revisions"}],"wp:featuredmedia":[{"embeddable":true,"href":"https:\/\/archive.sana.sy\/es\/index.php?rest_route=\/wp\/v2\/media\/286939"}],"wp:attachment":[{"href":"https:\/\/archive.sana.sy\/es\/index.php?rest_route=%2Fwp%2Fv2%2Fmedia&parent=286938"}],"wp:term":[{"taxonomy":"category","embeddable":true,"href":"https:\/\/archive.sana.sy\/es\/index.php?rest_route=%2Fwp%2Fv2%2Fcategories&post=286938"},{"taxonomy":"post_tag","embeddable":true,"href":"https:\/\/archive.sana.sy\/es\/index.php?rest_route=%2Fwp%2Fv2%2Ftags&post=286938"}],"curies":[{"name":"wp","href":"https:\/\/api.w.org\/{rel}","templated":true}]}}