{"id":286941,"date":"2023-02-12T21:39:46","date_gmt":"2023-02-12T18:39:46","guid":{"rendered":"https:\/\/sana.sy\/es\/?p=286941"},"modified":"2023-02-12T21:39:46","modified_gmt":"2023-02-12T18:39:46","slug":"lavrov-declaraciones-de-eeuu-sobre-el-atentado-contra-nord-stream-confirman-su-implicacion","status":"publish","type":"post","link":"https:\/\/archive.sana.sy\/es\/?p=286941","title":{"rendered":"Lavrov: Declaraciones de EEUU sobre el atentado contra Nord Stream confirman su implicaci\u00f3n"},"content":{"rendered":"<p style=\"text-align: justify;\"><span style=\"color: #800000;\"><strong>Mosc\u00fa, 12 feb (SANA)<\/strong><\/span>\u00a0 \u00a0El Canciller de Rusia, Sergei Lavrov, consider\u00f3 las declaraciones de los funcionarios estadounidenses sobre los gasoductos de \u201cNord Stream\u201d como una admisi\u00f3n expl\u00edcita de su participaci\u00f3n en la detonaci\u00f3n de los mismos.<\/p>\n<p style=\"text-align: justify;\">\u201cLos funcionarios occidentales no s\u00f3lo hacen declaraciones que indiquen su participaci\u00f3n en las explosiones sino que est\u00e1n orgullosos de ello\u201d, cit\u00f3 la agencia rusa Tass a Lavrov.<\/p>\n<p style=\"text-align: justify;\">Se\u00f1al\u00f3 que la estrecha cooperaci\u00f3n entre Alemania y Rusia durante las \u00faltimas 3 d\u00e9cadas en el campo de la energ\u00eda y tecnolog\u00eda despert\u00f3 el descontento de Estados Unidos, lo que lo llev\u00f3 a detonar los Nord Stream 1 y 2 para impedir esta cooperaci\u00f3n y fortalecer el monopolio estadounidense en el sector energ\u00e9tico global.<\/p>\n<p style=\"text-align: justify;\">rr\/fm<\/p>\n","protected":false},"excerpt":{"rendered":"<p>Mosc\u00fa, 12 feb (SANA)\u00a0 \u00a0El Canciller de Rusia, Sergei Lavrov, consider\u00f3 las declaraciones de los funcionarios estadounidenses sobre los gasoductos de \u201cNord Stream\u201d como una admisi\u00f3n expl\u00edcita de su participaci\u00f3n en la detonaci\u00f3n de los mismos. \u201cLos funcionarios occidentales no s\u00f3lo hacen declaraciones que indiquen su participaci\u00f3n en las explosiones sino que est\u00e1n orgullosos de &hellip;<\/p>\n","protected":false},"author":31,"featured_media":286942,"comment_status":"closed","ping_status":"closed","sticky":false,"template":"","format":"standard","meta":{"footnotes":""},"categories":[456,16687],"tags":[],"class_list":["post-286941","post","type-post","status-publish","format-standard","has-post-thumbnail","","category-arabe-internacional-politica","category-internacionales"],"_links":{"self":[{"href":"https:\/\/archive.sana.sy\/es\/index.php?rest_route=\/wp\/v2\/posts\/286941"}],"collection":[{"href":"https:\/\/archive.sana.sy\/es\/index.php?rest_route=\/wp\/v2\/posts"}],"about":[{"href":"https:\/\/archive.sana.sy\/es\/index.php?rest_route=\/wp\/v2\/types\/post"}],"author":[{"embeddable":true,"href":"https:\/\/archive.sana.sy\/es\/index.php?rest_route=\/wp\/v2\/users\/31"}],"replies":[{"embeddable":true,"href":"https:\/\/archive.sana.sy\/es\/index.php?rest_route=%2Fwp%2Fv2%2Fcomments&post=286941"}],"version-history":[{"count":0,"href":"https:\/\/archive.sana.sy\/es\/index.php?rest_route=\/wp\/v2\/posts\/286941\/revisions"}],"wp:featuredmedia":[{"embeddable":true,"href":"https:\/\/archive.sana.sy\/es\/index.php?rest_route=\/wp\/v2\/media\/286942"}],"wp:attachment":[{"href":"https:\/\/archive.sana.sy\/es\/index.php?rest_route=%2Fwp%2Fv2%2Fmedia&parent=286941"}],"wp:term":[{"taxonomy":"category","embeddable":true,"href":"https:\/\/archive.sana.sy\/es\/index.php?rest_route=%2Fwp%2Fv2%2Fcategories&post=286941"},{"taxonomy":"post_tag","embeddable":true,"href":"https:\/\/archive.sana.sy\/es\/index.php?rest_route=%2Fwp%2Fv2%2Ftags&post=286941"}],"curies":[{"name":"wp","href":"https:\/\/api.w.org\/{rel}","templated":true}]}}