{"id":287012,"date":"2023-02-13T05:46:23","date_gmt":"2023-02-13T02:46:23","guid":{"rendered":"https:\/\/sana.sy\/es\/?p=287012"},"modified":"2023-02-13T05:46:23","modified_gmt":"2023-02-13T02:46:23","slug":"el-parlamento-europeo-es-una-de-las-organizaciones-mas-corruptas-del-mundo-dice-canciller-de-hungria","status":"publish","type":"post","link":"https:\/\/archive.sana.sy\/es\/?p=287012","title":{"rendered":"&#8220;El Parlamento Europeo es una de las organizaciones m\u00e1s corruptas del mundo&#8221;, dice canciller de Hungr\u00eda"},"content":{"rendered":"<p style=\"text-align: justify;\"><span style=\"color: #800000;\"><strong>Budapest, 13 feb (SANA)<\/strong> <\/span>El Parlamento Europeo es &#8220;una de las organizaciones m\u00e1s corruptas del mundo&#8221;, afirm\u00f3 el ministro de Asuntos Exteriores de Hungr\u00eda, Peter Szijjarto, citado por RT.<\/p>\n<p style=\"text-align: justify;\">&#8220;La confianza en el Parlamento Europeo es pr\u00e1cticamente igual a cero&#8221;, dijo el canciller durante una entrevista con la emisora Kossuth.<\/p>\n<p style=\"text-align: justify;\">Indic\u00f3 que los esc\u00e1ndalos relacionados con corrupci\u00f3n mostraron que se trata de &#8220;una de las organizaciones m\u00e1s corruptas del mundo&#8221;.<\/p>\n<p style=\"text-align: justify;\">En ese conexto, Szijjarto afirm\u00f3 que las decisiones tomadas por la instituci\u00f3n y sus declaraciones en general han causado da\u00f1os a Europa&#8221;, destacando que el suministro de armas de Occidente a Ucrania prolonga el conflicto.<\/p>\n<p style=\"text-align: justify;\">fm<\/p>\n<p style=\"text-align: justify;\">\n","protected":false},"excerpt":{"rendered":"<p>Budapest, 13 feb (SANA) El Parlamento Europeo es &#8220;una de las organizaciones m\u00e1s corruptas del mundo&#8221;, afirm\u00f3 el ministro de Asuntos Exteriores de Hungr\u00eda, Peter Szijjarto, citado por RT. &#8220;La confianza en el Parlamento Europeo es pr\u00e1cticamente igual a cero&#8221;, dijo el canciller durante una entrevista con la emisora Kossuth. Indic\u00f3 que los esc\u00e1ndalos relacionados &hellip;<\/p>\n","protected":false},"author":34,"featured_media":287013,"comment_status":"closed","ping_status":"closed","sticky":false,"template":"","format":"standard","meta":{"footnotes":""},"categories":[597,456,20724,7541],"tags":[],"class_list":["post-287012","post","type-post","status-publish","format-standard","has-post-thumbnail","","category-cinta-de-noticias","category-arabe-internacional-politica","category-minuto-a-minuto","category-ultimas-noticias"],"_links":{"self":[{"href":"https:\/\/archive.sana.sy\/es\/index.php?rest_route=\/wp\/v2\/posts\/287012"}],"collection":[{"href":"https:\/\/archive.sana.sy\/es\/index.php?rest_route=\/wp\/v2\/posts"}],"about":[{"href":"https:\/\/archive.sana.sy\/es\/index.php?rest_route=\/wp\/v2\/types\/post"}],"author":[{"embeddable":true,"href":"https:\/\/archive.sana.sy\/es\/index.php?rest_route=\/wp\/v2\/users\/34"}],"replies":[{"embeddable":true,"href":"https:\/\/archive.sana.sy\/es\/index.php?rest_route=%2Fwp%2Fv2%2Fcomments&post=287012"}],"version-history":[{"count":0,"href":"https:\/\/archive.sana.sy\/es\/index.php?rest_route=\/wp\/v2\/posts\/287012\/revisions"}],"wp:featuredmedia":[{"embeddable":true,"href":"https:\/\/archive.sana.sy\/es\/index.php?rest_route=\/wp\/v2\/media\/287013"}],"wp:attachment":[{"href":"https:\/\/archive.sana.sy\/es\/index.php?rest_route=%2Fwp%2Fv2%2Fmedia&parent=287012"}],"wp:term":[{"taxonomy":"category","embeddable":true,"href":"https:\/\/archive.sana.sy\/es\/index.php?rest_route=%2Fwp%2Fv2%2Fcategories&post=287012"},{"taxonomy":"post_tag","embeddable":true,"href":"https:\/\/archive.sana.sy\/es\/index.php?rest_route=%2Fwp%2Fv2%2Ftags&post=287012"}],"curies":[{"name":"wp","href":"https:\/\/api.w.org\/{rel}","templated":true}]}}