{"id":287059,"date":"2023-02-13T14:55:32","date_gmt":"2023-02-13T11:55:32","guid":{"rendered":"https:\/\/sana.sy\/es\/?p=287059"},"modified":"2023-02-13T16:26:35","modified_gmt":"2023-02-13T13:26:35","slug":"canciller-al-mekdad-recibe-a-enviado-especial-de-la-onu-para-siria","status":"publish","type":"post","link":"https:\/\/archive.sana.sy\/es\/?p=287059","title":{"rendered":"Canciller Al-Mekdad recibe a enviado especial de la ONU para Siria"},"content":{"rendered":"<blockquote>\n<p style=\"text-align: justify;\"><span style=\"color: #ff0000;\"><strong>\u201cEl gobierno sirio est\u00e1 plenamente dispuesto a trabajar en estrecha colaboraci\u00f3n con varias agencias de la ONU para contrarrestar las catastr\u00f3ficas repercusiones del terremoto, dijo el Canciller sirio\u201d<\/strong><\/span><\/p>\n<\/blockquote>\n<p style=\"text-align: justify;\"><span style=\"color: #800000;\"><strong>Damasco, 13 feb (SANA)<\/strong><\/span>\u00a0 El ministro de Asuntos Exteriores y Expatriados, Faisal Al-Mekdad, recibi\u00f3 hoy al enviado especial de las Naciones Unidas para Siria, Geir Pedersen.<\/p>\n<p style=\"text-align: justify;\">Ambas partes examinaron los esfuerzos que se podr\u00edan realizar por los equipos de la organizaci\u00f3n internacional en la respuesta a las operaciones de recuperaci\u00f3n de las secuelas graves del terremoto en Siria.<\/p>\n<p style=\"text-align: justify;\">Entre los temas tratados, se destac\u00f3 la necesidad de no politizar la cuesti\u00f3n humanitaria que enfrenta Siria despu\u00e9s de este desastre y respetar la soberan\u00eda de su territorio.<\/p>\n<p style=\"text-align: justify;\">Pedersen expres\u00f3 sus m\u00e1s profundas condolencias a las v\u00edctimas del sismo y subray\u00f3 su disposici\u00f3n de hacer lo que sea necesario para ayudar al pueblo sirio a superar esta adversidad.<\/p>\n<p style=\"text-align: justify;\">Por su parte, Al-Mekdad expres\u00f3 su agradecimiento al Secretario General de la ONU y a su Enviado Especial por su solidaridad con el Estado Sirio ante esta crisis catastr\u00f3fica sin precedentes.<\/p>\n<p style=\"text-align: justify;\">El gobierno sirio est\u00e1 plenamente dispuesto a trabajar en estrecha colaboraci\u00f3n con varias agencias de la ONU para contrarrestar las catastr\u00f3ficas repercusiones del terremoto, dijo el Canciller sirio.<\/p>\n<p style=\"text-align: justify;\">Subray\u00f3 la necesidad de levantar todas las medidas coercitivas unilaterales impuestas al pueblo sirio.<\/p>\n<p style=\"text-align: justify;\"><em><strong>ws\/fm<\/strong><\/em><\/p>\n","protected":false},"excerpt":{"rendered":"<p>\u201cEl gobierno sirio est\u00e1 plenamente dispuesto a trabajar en estrecha colaboraci\u00f3n con varias agencias de la ONU para contrarrestar las catastr\u00f3ficas repercusiones del terremoto, dijo el Canciller sirio\u201d Damasco, 13 feb (SANA)\u00a0 El ministro de Asuntos Exteriores y Expatriados, Faisal Al-Mekdad, recibi\u00f3 hoy al enviado especial de las Naciones Unidas para Siria, Geir Pedersen. Ambas &hellip;<\/p>\n","protected":false},"author":35,"featured_media":287060,"comment_status":"closed","ping_status":"closed","sticky":false,"template":"","format":"standard","meta":{"footnotes":""},"categories":[477,447,597,20724,476,583],"tags":[],"class_list":["post-287059","post","type-post","status-publish","format-standard","has-post-thumbnail","","category-noticias-edulcorantes","category-local-politica","category-cinta-de-noticias","category-minuto-a-minuto","category-locales","category-slide"],"_links":{"self":[{"href":"https:\/\/archive.sana.sy\/es\/index.php?rest_route=\/wp\/v2\/posts\/287059"}],"collection":[{"href":"https:\/\/archive.sana.sy\/es\/index.php?rest_route=\/wp\/v2\/posts"}],"about":[{"href":"https:\/\/archive.sana.sy\/es\/index.php?rest_route=\/wp\/v2\/types\/post"}],"author":[{"embeddable":true,"href":"https:\/\/archive.sana.sy\/es\/index.php?rest_route=\/wp\/v2\/users\/35"}],"replies":[{"embeddable":true,"href":"https:\/\/archive.sana.sy\/es\/index.php?rest_route=%2Fwp%2Fv2%2Fcomments&post=287059"}],"version-history":[{"count":0,"href":"https:\/\/archive.sana.sy\/es\/index.php?rest_route=\/wp\/v2\/posts\/287059\/revisions"}],"wp:featuredmedia":[{"embeddable":true,"href":"https:\/\/archive.sana.sy\/es\/index.php?rest_route=\/wp\/v2\/media\/287060"}],"wp:attachment":[{"href":"https:\/\/archive.sana.sy\/es\/index.php?rest_route=%2Fwp%2Fv2%2Fmedia&parent=287059"}],"wp:term":[{"taxonomy":"category","embeddable":true,"href":"https:\/\/archive.sana.sy\/es\/index.php?rest_route=%2Fwp%2Fv2%2Fcategories&post=287059"},{"taxonomy":"post_tag","embeddable":true,"href":"https:\/\/archive.sana.sy\/es\/index.php?rest_route=%2Fwp%2Fv2%2Ftags&post=287059"}],"curies":[{"name":"wp","href":"https:\/\/api.w.org\/{rel}","templated":true}]}}