{"id":287076,"date":"2023-02-13T16:13:45","date_gmt":"2023-02-13T13:13:45","guid":{"rendered":"https:\/\/sana.sy\/es\/?p=287076"},"modified":"2023-02-13T16:18:15","modified_gmt":"2023-02-13T13:18:15","slug":"viceprimer-ministro-omani-envia-mensaje-de-condolencias-por-victimas-del-terremoto","status":"publish","type":"post","link":"https:\/\/archive.sana.sy\/es\/?p=287076","title":{"rendered":"Viceprimer ministro  oman\u00ed env\u00eda mensaje de condolencias por v\u00edctimas del terremoto"},"content":{"rendered":"<p style=\"text-align: justify;\"><span style=\"color: #800000;\"><strong>Damasco, 13 feb (SANA)<\/strong><\/span> El viceprimer ministro de Asuntos del Sultanato de Om\u00e1n, Fahd bin Mahmoud al-Said, ofreci\u00f3 este lunes sus sinceras condolencias por las v\u00edctimas del terremoto que sacudi\u00f3 Siria el pasado lunes.<\/p>\n<p style=\"text-align: justify;\">El alto funcionario oman\u00ed expres\u00f3 tambi\u00e9n, a trav\u00e9s de un mensaje de condolencias enviado al primer ministro sirio Hussain Arnous, solidaridad y apoyo a Siria y su pueblo.<\/p>\n<p style=\"text-align: justify;\">\u201cRecibimos con gran tristeza y dolor la noticia del terremoto que azot\u00f3 a varias gobernaciones sirias, que result\u00f3 en v\u00edctimas y heridos\u201d, dice la carta.<\/p>\n<p style=\"text-align: justify;\">Anteriormente, el primer ministro de Siria recibi\u00f3 un mensaje de condolencias del primer ministro del Gobierno de Unidad Nacional en Libia, Abdul Hamid Dabaiba, en el que expres\u00f3 sus m\u00e1s profundas condolencias y solidaridad con las v\u00edctimas del terremoto que azot\u00f3 a Siria.<\/p>\n<p><em>mm<\/em><\/p>\n","protected":false},"excerpt":{"rendered":"<p>Damasco, 13 feb (SANA) El viceprimer ministro de Asuntos del Sultanato de Om\u00e1n, Fahd bin Mahmoud al-Said, ofreci\u00f3 este lunes sus sinceras condolencias por las v\u00edctimas del terremoto que sacudi\u00f3 Siria el pasado lunes. El alto funcionario oman\u00ed expres\u00f3 tambi\u00e9n, a trav\u00e9s de un mensaje de condolencias enviado al primer ministro sirio Hussain Arnous, solidaridad &hellip;<\/p>\n","protected":false},"author":36,"featured_media":287079,"comment_status":"closed","ping_status":"closed","sticky":false,"template":"","format":"standard","meta":{"footnotes":""},"categories":[597,20724,467,7541],"tags":[],"class_list":["post-287076","post","type-post","status-publish","format-standard","has-post-thumbnail","","category-cinta-de-noticias","category-minuto-a-minuto","category-siria-y-el-mundo","category-ultimas-noticias"],"_links":{"self":[{"href":"https:\/\/archive.sana.sy\/es\/index.php?rest_route=\/wp\/v2\/posts\/287076"}],"collection":[{"href":"https:\/\/archive.sana.sy\/es\/index.php?rest_route=\/wp\/v2\/posts"}],"about":[{"href":"https:\/\/archive.sana.sy\/es\/index.php?rest_route=\/wp\/v2\/types\/post"}],"author":[{"embeddable":true,"href":"https:\/\/archive.sana.sy\/es\/index.php?rest_route=\/wp\/v2\/users\/36"}],"replies":[{"embeddable":true,"href":"https:\/\/archive.sana.sy\/es\/index.php?rest_route=%2Fwp%2Fv2%2Fcomments&post=287076"}],"version-history":[{"count":0,"href":"https:\/\/archive.sana.sy\/es\/index.php?rest_route=\/wp\/v2\/posts\/287076\/revisions"}],"wp:featuredmedia":[{"embeddable":true,"href":"https:\/\/archive.sana.sy\/es\/index.php?rest_route=\/wp\/v2\/media\/287079"}],"wp:attachment":[{"href":"https:\/\/archive.sana.sy\/es\/index.php?rest_route=%2Fwp%2Fv2%2Fmedia&parent=287076"}],"wp:term":[{"taxonomy":"category","embeddable":true,"href":"https:\/\/archive.sana.sy\/es\/index.php?rest_route=%2Fwp%2Fv2%2Fcategories&post=287076"},{"taxonomy":"post_tag","embeddable":true,"href":"https:\/\/archive.sana.sy\/es\/index.php?rest_route=%2Fwp%2Fv2%2Ftags&post=287076"}],"curies":[{"name":"wp","href":"https:\/\/api.w.org\/{rel}","templated":true}]}}