{"id":287081,"date":"2023-02-13T16:37:23","date_gmt":"2023-02-13T13:37:23","guid":{"rendered":"https:\/\/sana.sy\/es\/?p=287081"},"modified":"2023-02-13T16:37:23","modified_gmt":"2023-02-13T13:37:23","slug":"funcionario-de-la-onu-lo-que-sucedio-en-siria-es-una-verdadera-tragedia-que-el-mundo-debe-escuchar","status":"publish","type":"post","link":"https:\/\/archive.sana.sy\/es\/?p=287081","title":{"rendered":"Funcionario de la ONU: \u201clo que sucedi\u00f3 en Siria es una verdadera tragedia que el mundo debe escuchar\u201d"},"content":{"rendered":"<p style=\"text-align: justify;\"><span style=\"color: #800000;\"><strong>Alepo, 13 feb (SANA)<\/strong><\/span> El secretario general adjunto de asuntos humanitarios, Martin Griffiths, destac\u00f3, durante su reuni\u00f3n de hoy con el gobernador de Alepo, Hussein Diab, importancia de establecer prioridades para tratar con las secuelas del terremoto que azot\u00f3 Siria el pasado lunes.<\/p>\n<p style=\"text-align: justify;\">\u201cEl actual plan de la ONU busca brindar asistencia a Siria\u2026. Y en este sentido, comenzaremos a aumentar la cantidad de equipamientos y maquinarias\u201d, dio el funcionario de la ONU a los periodistas.<\/p>\n<p style=\"text-align: justify;\">Asimismo, explic\u00f3 que \u201cel per\u00edodo previsto para completar los esfuerzos de socorro, la asistencia y la respuesta humanitaria es de tres meses, y lo primero que importa es salvar las vidas de las personas en Alepo, albergar a los afectados, apoyar las escuelas y aumentar los suministros de alimentos\u201d.<\/p>\n<p style=\"text-align: justify;\">&#8220;Lo que vimos es solo una peque\u00f1a parte de la tragedia que tuvo lugar el 6 de febrero, y lo que es a\u00fan m\u00e1s triste aqu\u00ed en Alepo es que las personas que han sufrido durante tantos a\u00f1os ahora est\u00e1n sufriendo nuevamente\u2026. Esta es una verdadera tragedia que el mundo debe escuchar&#8221;, manifest\u00f3.<\/p>\n<p style=\"text-align: justify;\">Por su parte, el gobernador se refiri\u00f3 a la necesidad de levantar las sanciones al pueblo sirio, y brindar apoyo y asistencia para enfrentar la catastr\u00f3fica realidad que dej\u00f3 el terremoto.<\/p>\n<p style=\"text-align: justify;\">El pasado domingo, el presidente sirio Bashar al-Assad, recibi\u00f3 hoy al director general de la Organizaci\u00f3n Mundial de la Salud (OMS), Tedros Adhanom Ghebreyesus.<\/p>\n<p style=\"text-align: justify;\">Durante el encuentro, el mandatario subray\u00f3 la importancia de la visita de la delegaci\u00f3n de la OMS a Siria en estas circunstancias, con el fin de comprobar la situaci\u00f3n m\u00e9dico y sanitaria y las necesidades humanitarias requeridas para tratar a los afectados por el terremoto.<\/p>\n<p><em>mm<\/em><\/p>\n","protected":false},"excerpt":{"rendered":"<p>Alepo, 13 feb (SANA) El secretario general adjunto de asuntos humanitarios, Martin Griffiths, destac\u00f3, durante su reuni\u00f3n de hoy con el gobernador de Alepo, Hussein Diab, importancia de establecer prioridades para tratar con las secuelas del terremoto que azot\u00f3 Siria el pasado lunes. \u201cEl actual plan de la ONU busca brindar asistencia a Siria\u2026. Y &hellip;<\/p>\n","protected":false},"author":36,"featured_media":287082,"comment_status":"closed","ping_status":"closed","sticky":false,"template":"","format":"standard","meta":{"footnotes":""},"categories":[597,20724,467,7541],"tags":[],"class_list":["post-287081","post","type-post","status-publish","format-standard","has-post-thumbnail","","category-cinta-de-noticias","category-minuto-a-minuto","category-siria-y-el-mundo","category-ultimas-noticias"],"_links":{"self":[{"href":"https:\/\/archive.sana.sy\/es\/index.php?rest_route=\/wp\/v2\/posts\/287081"}],"collection":[{"href":"https:\/\/archive.sana.sy\/es\/index.php?rest_route=\/wp\/v2\/posts"}],"about":[{"href":"https:\/\/archive.sana.sy\/es\/index.php?rest_route=\/wp\/v2\/types\/post"}],"author":[{"embeddable":true,"href":"https:\/\/archive.sana.sy\/es\/index.php?rest_route=\/wp\/v2\/users\/36"}],"replies":[{"embeddable":true,"href":"https:\/\/archive.sana.sy\/es\/index.php?rest_route=%2Fwp%2Fv2%2Fcomments&post=287081"}],"version-history":[{"count":0,"href":"https:\/\/archive.sana.sy\/es\/index.php?rest_route=\/wp\/v2\/posts\/287081\/revisions"}],"wp:featuredmedia":[{"embeddable":true,"href":"https:\/\/archive.sana.sy\/es\/index.php?rest_route=\/wp\/v2\/media\/287082"}],"wp:attachment":[{"href":"https:\/\/archive.sana.sy\/es\/index.php?rest_route=%2Fwp%2Fv2%2Fmedia&parent=287081"}],"wp:term":[{"taxonomy":"category","embeddable":true,"href":"https:\/\/archive.sana.sy\/es\/index.php?rest_route=%2Fwp%2Fv2%2Fcategories&post=287081"},{"taxonomy":"post_tag","embeddable":true,"href":"https:\/\/archive.sana.sy\/es\/index.php?rest_route=%2Fwp%2Fv2%2Ftags&post=287081"}],"curies":[{"name":"wp","href":"https:\/\/api.w.org\/{rel}","templated":true}]}}