{"id":287087,"date":"2023-02-13T17:33:18","date_gmt":"2023-02-13T14:33:18","guid":{"rendered":"https:\/\/sana.sy\/es\/?p=287087"},"modified":"2023-02-13T17:34:57","modified_gmt":"2023-02-13T14:34:57","slug":"canciller-al-mekdad-recibe-a-secretario-general-adjunto-de-asuntos-humanitarios-de-la-onu","status":"publish","type":"post","link":"https:\/\/archive.sana.sy\/es\/?p=287087","title":{"rendered":"Canciller sirio recibe a secretario adjunto de Asuntos Humanitarios de la ONU"},"content":{"rendered":"<p style=\"text-align: justify;\"><span style=\"color: #800000;\"><strong>Damasco, 13 feb (SANA)<\/strong> <\/span>El ministro de Asuntos Exteriores y Expatriados, Faisal Al-Mekdad, recibi\u00f3 hoy al secretario general adjunto de asuntos humanitarios de la ONU, Martin Griffiths.<\/p>\n<p style=\"text-align: justify;\">Anteriormente, el ministro Al-Mekdad recibi\u00f3 al enviado especial de las Naciones Unidas para Siria, Geir Pedersen.<\/p>\n<p style=\"text-align: justify;\">Ambas partes examinaron los esfuerzos que se podr\u00edan realizar por los equipos de la organizaci\u00f3n internacional en la respuesta a las operaciones de recuperaci\u00f3n de las secuelas graves del terremoto en Siria.<\/p>\n<p><em>mm<\/em><\/p>\n","protected":false},"excerpt":{"rendered":"<p>Damasco, 13 feb (SANA) El ministro de Asuntos Exteriores y Expatriados, Faisal Al-Mekdad, recibi\u00f3 hoy al secretario general adjunto de asuntos humanitarios de la ONU, Martin Griffiths. Anteriormente, el ministro Al-Mekdad recibi\u00f3 al enviado especial de las Naciones Unidas para Siria, Geir Pedersen. Ambas partes examinaron los esfuerzos que se podr\u00edan realizar por los equipos &hellip;<\/p>\n","protected":false},"author":36,"featured_media":287088,"comment_status":"closed","ping_status":"closed","sticky":false,"template":"","format":"standard","meta":{"footnotes":""},"categories":[597,20724,467,7541],"tags":[],"class_list":["post-287087","post","type-post","status-publish","format-standard","has-post-thumbnail","","category-cinta-de-noticias","category-minuto-a-minuto","category-siria-y-el-mundo","category-ultimas-noticias"],"_links":{"self":[{"href":"https:\/\/archive.sana.sy\/es\/index.php?rest_route=\/wp\/v2\/posts\/287087"}],"collection":[{"href":"https:\/\/archive.sana.sy\/es\/index.php?rest_route=\/wp\/v2\/posts"}],"about":[{"href":"https:\/\/archive.sana.sy\/es\/index.php?rest_route=\/wp\/v2\/types\/post"}],"author":[{"embeddable":true,"href":"https:\/\/archive.sana.sy\/es\/index.php?rest_route=\/wp\/v2\/users\/36"}],"replies":[{"embeddable":true,"href":"https:\/\/archive.sana.sy\/es\/index.php?rest_route=%2Fwp%2Fv2%2Fcomments&post=287087"}],"version-history":[{"count":0,"href":"https:\/\/archive.sana.sy\/es\/index.php?rest_route=\/wp\/v2\/posts\/287087\/revisions"}],"wp:featuredmedia":[{"embeddable":true,"href":"https:\/\/archive.sana.sy\/es\/index.php?rest_route=\/wp\/v2\/media\/287088"}],"wp:attachment":[{"href":"https:\/\/archive.sana.sy\/es\/index.php?rest_route=%2Fwp%2Fv2%2Fmedia&parent=287087"}],"wp:term":[{"taxonomy":"category","embeddable":true,"href":"https:\/\/archive.sana.sy\/es\/index.php?rest_route=%2Fwp%2Fv2%2Fcategories&post=287087"},{"taxonomy":"post_tag","embeddable":true,"href":"https:\/\/archive.sana.sy\/es\/index.php?rest_route=%2Fwp%2Fv2%2Ftags&post=287087"}],"curies":[{"name":"wp","href":"https:\/\/api.w.org\/{rel}","templated":true}]}}