{"id":287208,"date":"2023-02-14T13:25:39","date_gmt":"2023-02-14T10:25:39","guid":{"rendered":"https:\/\/sana.sy\/es\/?p=287208"},"modified":"2023-02-14T13:25:39","modified_gmt":"2023-02-14T10:25:39","slug":"beirut-recibira-aviones-rumanos-cargados-de-ayuda-humanitaria-para-siria","status":"publish","type":"post","link":"https:\/\/archive.sana.sy\/es\/?p=287208","title":{"rendered":"Beirut recibir\u00e1 aviones rumanos cargados de ayuda humanitaria para Siria"},"content":{"rendered":"<blockquote>\n<p style=\"text-align: justify;\"><strong>\u00a0Hamieh ratific\u00f3 el compromiso de L\u00edbano de abrir su espacio a\u00e9reo y los puertos mar\u00edtimos a quienes quieran ayudar a Siria, y afirm\u00f3 que el aterrizaje de estos aviones se realizar\u00e1 de forma consecutiva, a partir de hoy y durante los pr\u00f3ximos dos d\u00edas.<\/strong><\/p>\n<\/blockquote>\n<p style=\"text-align: justify;\">Beirut, 14 feb (SANA)\u00a0 \u00a0 El ministro de Obras P\u00fablicas y Transporte en el gobierno interino de L\u00edbano, Ali Hamieh, anunci\u00f3 que tres aviones rumanos que transportan ayuda de la Uni\u00f3n Europea para las v\u00edctimas del terremoto en Siria ser\u00e1n recibidos en el Aeropuerto Internacional de Beirut.<\/p>\n<p style=\"text-align: justify;\">\u201cEl aeropuerto de Beirut sigue recibioendo aviones con ayuda humanitaria para ayudar a las personas afectadas por el terremoto en Siria\u201d, divulg\u00f3 la Agencia Nacional de Noticias Libanesa.<\/p>\n<p style=\"text-align: justify;\">Hamieh ratific\u00f3 el compromiso de L\u00edbano de abrir su espacio a\u00e9reo y los puertos mar\u00edtimos a quienes quieran ayudar a Siria, y afirm\u00f3 que el aterrizaje de estos aviones se realizar\u00e1 de forma consecutiva, a partir de hoy y durante los pr\u00f3ximos dos d\u00edas.<\/p>\n<p style=\"text-align: justify;\">ed\/fm<\/p>\n","protected":false},"excerpt":{"rendered":"<p>\u00a0Hamieh ratific\u00f3 el compromiso de L\u00edbano de abrir su espacio a\u00e9reo y los puertos mar\u00edtimos a quienes quieran ayudar a Siria, y afirm\u00f3 que el aterrizaje de estos aviones se realizar\u00e1 de forma consecutiva, a partir de hoy y durante los pr\u00f3ximos dos d\u00edas. Beirut, 14 feb (SANA)\u00a0 \u00a0 El ministro de Obras P\u00fablicas y &hellip;<\/p>\n","protected":false},"author":32,"featured_media":287216,"comment_status":"closed","ping_status":"closed","sticky":false,"template":"","format":"standard","meta":{"footnotes":""},"categories":[597,467,7541],"tags":[],"class_list":["post-287208","post","type-post","status-publish","format-standard","has-post-thumbnail","","category-cinta-de-noticias","category-siria-y-el-mundo","category-ultimas-noticias"],"_links":{"self":[{"href":"https:\/\/archive.sana.sy\/es\/index.php?rest_route=\/wp\/v2\/posts\/287208"}],"collection":[{"href":"https:\/\/archive.sana.sy\/es\/index.php?rest_route=\/wp\/v2\/posts"}],"about":[{"href":"https:\/\/archive.sana.sy\/es\/index.php?rest_route=\/wp\/v2\/types\/post"}],"author":[{"embeddable":true,"href":"https:\/\/archive.sana.sy\/es\/index.php?rest_route=\/wp\/v2\/users\/32"}],"replies":[{"embeddable":true,"href":"https:\/\/archive.sana.sy\/es\/index.php?rest_route=%2Fwp%2Fv2%2Fcomments&post=287208"}],"version-history":[{"count":0,"href":"https:\/\/archive.sana.sy\/es\/index.php?rest_route=\/wp\/v2\/posts\/287208\/revisions"}],"wp:featuredmedia":[{"embeddable":true,"href":"https:\/\/archive.sana.sy\/es\/index.php?rest_route=\/wp\/v2\/media\/287216"}],"wp:attachment":[{"href":"https:\/\/archive.sana.sy\/es\/index.php?rest_route=%2Fwp%2Fv2%2Fmedia&parent=287208"}],"wp:term":[{"taxonomy":"category","embeddable":true,"href":"https:\/\/archive.sana.sy\/es\/index.php?rest_route=%2Fwp%2Fv2%2Fcategories&post=287208"},{"taxonomy":"post_tag","embeddable":true,"href":"https:\/\/archive.sana.sy\/es\/index.php?rest_route=%2Fwp%2Fv2%2Ftags&post=287208"}],"curies":[{"name":"wp","href":"https:\/\/api.w.org\/{rel}","templated":true}]}}