{"id":287209,"date":"2023-02-14T12:58:07","date_gmt":"2023-02-14T09:58:07","guid":{"rendered":"https:\/\/sana.sy\/es\/?p=287209"},"modified":"2023-02-14T13:01:21","modified_gmt":"2023-02-14T10:01:21","slug":"llegada-el-primer-avion-de-ayuda-procedente-de-arabia-saudita","status":"publish","type":"post","link":"https:\/\/archive.sana.sy\/es\/?p=287209","title":{"rendered":"Llega el primer avi\u00f3n de ayuda procedente de Arabia Saudita"},"content":{"rendered":"<blockquote>\n<p style=\"text-align: justify;\"><span style=\"color: #000000;\"><em><strong>El director del Equipo de Esfuerzos Conjuntos en Arabia Saudita, Faleh Al-Subaie dijo: &#8220;apoyamos al hermano pueblo sirio y les ofrecemos nuestras condolencias por esta gran adversidad&#8221;.<\/strong><\/em><\/span><\/p>\n<\/blockquote>\n<p style=\"text-align: justify;\"><em><span style=\"color: #800000;\"><strong>Alepo, 14 feb (SANA) <\/strong><\/span><\/em>Aterriz\u00f3 en el Aeropuerto Internacional de Alepo el primer avi\u00f3n saud\u00ed de ayuda para apoyar a las v\u00edctimas del terremoto.<\/p>\n<p style=\"text-align: justify;\">El director del Equipo de Esfuerzos Conjuntos en Arabia Saudita, Faleh Al-Subaie dijo: &#8220;apoyamos al hermano pueblo sirio y les ofrecemos nuestras condolencias por esta gran adversidad&#8221;.<\/p>\n<p style=\"text-align: justify;\">Agreg\u00f3 que el avi\u00f3n transporta 35 toneladas de ayuda alimentaria y es el primero de una serie de aviones, aclarando que un segundo avi\u00f3n este mi\u00e9rcoles y un tercero el mi\u00e9rcoles.<\/p>\n<p style=\"text-align: justify;\">&#8220;Si hay necesidad, otros aviones ser\u00e1n enviados&#8221;, precis\u00f3.<\/p>\n<p style=\"text-align: justify;\">Al-Subaie se\u00f1al\u00f3 que su pa\u00eds no dejar\u00e1 de apoyar al pueblo sirio.<\/p>\n<p style=\"text-align: justify;\">as\/fm<\/p>\n","protected":false},"excerpt":{"rendered":"<p>El director del Equipo de Esfuerzos Conjuntos en Arabia Saudita, Faleh Al-Subaie dijo: &#8220;apoyamos al hermano pueblo sirio y les ofrecemos nuestras condolencias por esta gran adversidad&#8221;. Alepo, 14 feb (SANA) Aterriz\u00f3 en el Aeropuerto Internacional de Alepo el primer avi\u00f3n saud\u00ed de ayuda para apoyar a las v\u00edctimas del terremoto. El director del Equipo &hellip;<\/p>\n","protected":false},"author":42,"featured_media":287210,"comment_status":"closed","ping_status":"closed","sticky":false,"template":"","format":"standard","meta":{"footnotes":""},"categories":[597,20724,467,7541],"tags":[],"class_list":["post-287209","post","type-post","status-publish","format-standard","has-post-thumbnail","","category-cinta-de-noticias","category-minuto-a-minuto","category-siria-y-el-mundo","category-ultimas-noticias"],"_links":{"self":[{"href":"https:\/\/archive.sana.sy\/es\/index.php?rest_route=\/wp\/v2\/posts\/287209"}],"collection":[{"href":"https:\/\/archive.sana.sy\/es\/index.php?rest_route=\/wp\/v2\/posts"}],"about":[{"href":"https:\/\/archive.sana.sy\/es\/index.php?rest_route=\/wp\/v2\/types\/post"}],"author":[{"embeddable":true,"href":"https:\/\/archive.sana.sy\/es\/index.php?rest_route=\/wp\/v2\/users\/42"}],"replies":[{"embeddable":true,"href":"https:\/\/archive.sana.sy\/es\/index.php?rest_route=%2Fwp%2Fv2%2Fcomments&post=287209"}],"version-history":[{"count":0,"href":"https:\/\/archive.sana.sy\/es\/index.php?rest_route=\/wp\/v2\/posts\/287209\/revisions"}],"wp:featuredmedia":[{"embeddable":true,"href":"https:\/\/archive.sana.sy\/es\/index.php?rest_route=\/wp\/v2\/media\/287210"}],"wp:attachment":[{"href":"https:\/\/archive.sana.sy\/es\/index.php?rest_route=%2Fwp%2Fv2%2Fmedia&parent=287209"}],"wp:term":[{"taxonomy":"category","embeddable":true,"href":"https:\/\/archive.sana.sy\/es\/index.php?rest_route=%2Fwp%2Fv2%2Fcategories&post=287209"},{"taxonomy":"post_tag","embeddable":true,"href":"https:\/\/archive.sana.sy\/es\/index.php?rest_route=%2Fwp%2Fv2%2Ftags&post=287209"}],"curies":[{"name":"wp","href":"https:\/\/api.w.org\/{rel}","templated":true}]}}