{"id":287221,"date":"2023-02-14T13:35:26","date_gmt":"2023-02-14T10:35:26","guid":{"rendered":"https:\/\/sana.sy\/es\/?p=287221"},"modified":"2023-02-14T13:35:26","modified_gmt":"2023-02-14T10:35:26","slug":"los-golaneses-conmemoran-un-aniversario-mas-de-su-huelga-general-contra-el-ocupante-israeli","status":"publish","type":"post","link":"https:\/\/archive.sana.sy\/es\/?p=287221","title":{"rendered":"Los golaneses conmemoran un aniversario m\u00e1s de su huelga general contra el ocupante israel\u00ed"},"content":{"rendered":"<p style=\"text-align: justify;\"><span style=\"color: #800000;\"><strong>El Gol\u00e1n sirio ocupado, 14 feb (SANA)<\/strong><\/span> Los pobladores del Gol\u00e1n sirio ocupado conmemoraron hoy el 41\u00b0 aniversario de su huelga general contra la inv\u00e1lida y nula decisi\u00f3n del ocupante israel\u00ed de anexar el Gol\u00e1n, y rindieron homenaje a las v\u00edctimas que perdieron la vida a consecuencia del reciente terremoto que asol\u00f3 Siria.<\/p>\n<p style=\"text-align: justify;\">La conmemoraci\u00f3n este a\u00f1o se limit\u00f3 a izar las banderas nacionales en las plazas de las localidades del Gol\u00e1n y efectuar dos concentraciones en Majdal Shams y Baqatha para expresar tristeza y dolor por lo sucedido a la patria a consecuencia del terremoto.<\/p>\n<p style=\"text-align: justify;\">En una declaraci\u00f3n a SANA, el decano de los prisioneros sirios liberados, Sidqi al-Maqt, dijo que &#8220;en un d\u00eda como hoy del a\u00f1o 1982, el Gol\u00e1n dijo &#8220;no a la ocupaci\u00f3n y a todos sus planes colonizadores&#8221;.<\/p>\n<p style=\"text-align: justify;\">El jeque Jad al-Karim Nasser se\u00f1al\u00f3 que la poblaci\u00f3n del Gol\u00e1n repite hoy el mismo grito que hizo hace 41 a\u00f1os de que no hay alternativa a la identidad siria.<\/p>\n<p style=\"text-align: justify;\">as\/fm<\/p>\n","protected":false},"excerpt":{"rendered":"<p>El Gol\u00e1n sirio ocupado, 14 feb (SANA) Los pobladores del Gol\u00e1n sirio ocupado conmemoraron hoy el 41\u00b0 aniversario de su huelga general contra la inv\u00e1lida y nula decisi\u00f3n del ocupante israel\u00ed de anexar el Gol\u00e1n, y rindieron homenaje a las v\u00edctimas que perdieron la vida a consecuencia del reciente terremoto que asol\u00f3 Siria. La conmemoraci\u00f3n &hellip;<\/p>\n","protected":false},"author":42,"featured_media":287222,"comment_status":"closed","ping_status":"closed","sticky":false,"template":"","format":"standard","meta":{"footnotes":""},"categories":[597,20724,476,7541],"tags":[],"class_list":["post-287221","post","type-post","status-publish","format-standard","has-post-thumbnail","","category-cinta-de-noticias","category-minuto-a-minuto","category-locales","category-ultimas-noticias"],"_links":{"self":[{"href":"https:\/\/archive.sana.sy\/es\/index.php?rest_route=\/wp\/v2\/posts\/287221"}],"collection":[{"href":"https:\/\/archive.sana.sy\/es\/index.php?rest_route=\/wp\/v2\/posts"}],"about":[{"href":"https:\/\/archive.sana.sy\/es\/index.php?rest_route=\/wp\/v2\/types\/post"}],"author":[{"embeddable":true,"href":"https:\/\/archive.sana.sy\/es\/index.php?rest_route=\/wp\/v2\/users\/42"}],"replies":[{"embeddable":true,"href":"https:\/\/archive.sana.sy\/es\/index.php?rest_route=%2Fwp%2Fv2%2Fcomments&post=287221"}],"version-history":[{"count":0,"href":"https:\/\/archive.sana.sy\/es\/index.php?rest_route=\/wp\/v2\/posts\/287221\/revisions"}],"wp:featuredmedia":[{"embeddable":true,"href":"https:\/\/archive.sana.sy\/es\/index.php?rest_route=\/wp\/v2\/media\/287222"}],"wp:attachment":[{"href":"https:\/\/archive.sana.sy\/es\/index.php?rest_route=%2Fwp%2Fv2%2Fmedia&parent=287221"}],"wp:term":[{"taxonomy":"category","embeddable":true,"href":"https:\/\/archive.sana.sy\/es\/index.php?rest_route=%2Fwp%2Fv2%2Fcategories&post=287221"},{"taxonomy":"post_tag","embeddable":true,"href":"https:\/\/archive.sana.sy\/es\/index.php?rest_route=%2Fwp%2Fv2%2Ftags&post=287221"}],"curies":[{"name":"wp","href":"https:\/\/api.w.org\/{rel}","templated":true}]}}