{"id":287226,"date":"2023-02-14T14:37:32","date_gmt":"2023-02-14T11:37:32","guid":{"rendered":"https:\/\/sana.sy\/es\/?p=287226"},"modified":"2023-02-14T14:37:32","modified_gmt":"2023-02-14T11:37:32","slug":"un-avion-paquistani-llega-al-aeropuerto-internacional-de-damasco-cargado-con-ayuda-humanitaria","status":"publish","type":"post","link":"https:\/\/archive.sana.sy\/es\/?p=287226","title":{"rendered":"Un avi\u00f3n paquistan\u00ed llega al Aeropuerto Internacional de Damasco cargado con ayuda humanitaria"},"content":{"rendered":"<p style=\"text-align: justify;\"><span style=\"color: #800000;\"><strong>Damasco, 14 feb (SANA) <\/strong><\/span>Un avi\u00f3n paquistan\u00ed cargado con ayuda humanitaria para los afectados por el terremoto lleg\u00f3 este martes al Aeropuerto Internacional de Damasco.<\/p>\n<p style=\"text-align: justify;\">En declaraciones a la reportera de SANA, el Jefe del Equipo de Ayuda M\u00e9dica, Fayez Ajakzi, quien lleg\u00f3 en el avi\u00f3n paquistan\u00ed, afirm\u00f3 que el equipo incluye 10 personas, incluidos m\u00e9dicos especializados en neurolog\u00eda y cirug\u00eda ortop\u00e9dica, y otros especialistas.<\/p>\n<p style=\"text-align: justify;\">Ajakzi enfatiz\u00f3 que el equipo pakistan\u00ed fue enviado por el gobierno paquistan\u00ed para brindar ayuda a los sirios en las \u00e1reas afectadas por el destructivo terremoto y ayudar a los equipos m\u00e9dicos en el tratamiento de heridos y el trabajo de socorro.<\/p>\n<p style=\"text-align: justify;\">El embajador de Pakist\u00e1n en Damasco, Shahid Akhtar, dijo que este avi\u00f3n es el segundo que env\u00eda su pa\u00eds y lleva un equipo m\u00e9dico y asistencia de 17 toneladas de v\u00edveres y material m\u00e9dico.<\/p>\n<p style=\"text-align: justify;\">El embajador Akhtar expres\u00f3 que su pa\u00eds continuar\u00e1 ofreciendo ayuda humanitaria a los sirios, y enviar\u00e1 dos aviones con equipos m\u00e9dicos y de socorro durante los pr\u00f3ximos tres d\u00edas.<\/p>\n<p style=\"text-align: justify;\">El diplom\u00e1tico paquistan\u00ed agreg\u00f3 que camiones cargados con grandes cantidades de materiales de socorro llegar\u00e1n a trav\u00e9s de las fronteras sirio-iraqu\u00edes.<\/p>\n<p style=\"text-align: justify;\">Por su parte, el Ministro de Educaci\u00f3n, Darem Tabbaa expres\u00f3 el aprecio y el agradecimiento de Siria a Pakist\u00e1n, e hizo un llamado a todos los pa\u00edses del mundo para que ayuden al pueblo sirio, que ha estado sufriendo de la guerra terrorista durante 12 a\u00f1os y hoy enfrenta las repercusiones del terremoto.<\/p>\n<p style=\"text-align: justify;\">ed\/as \/fm<\/p>\n","protected":false},"excerpt":{"rendered":"<p>Damasco, 14 feb (SANA) Un avi\u00f3n paquistan\u00ed cargado con ayuda humanitaria para los afectados por el terremoto lleg\u00f3 este martes al Aeropuerto Internacional de Damasco. En declaraciones a la reportera de SANA, el Jefe del Equipo de Ayuda M\u00e9dica, Fayez Ajakzi, quien lleg\u00f3 en el avi\u00f3n paquistan\u00ed, afirm\u00f3 que el equipo incluye 10 personas, incluidos &hellip;<\/p>\n","protected":false},"author":42,"featured_media":287227,"comment_status":"closed","ping_status":"closed","sticky":false,"template":"","format":"standard","meta":{"footnotes":""},"categories":[597,20724,467,7541],"tags":[],"class_list":["post-287226","post","type-post","status-publish","format-standard","has-post-thumbnail","","category-cinta-de-noticias","category-minuto-a-minuto","category-siria-y-el-mundo","category-ultimas-noticias"],"_links":{"self":[{"href":"https:\/\/archive.sana.sy\/es\/index.php?rest_route=\/wp\/v2\/posts\/287226"}],"collection":[{"href":"https:\/\/archive.sana.sy\/es\/index.php?rest_route=\/wp\/v2\/posts"}],"about":[{"href":"https:\/\/archive.sana.sy\/es\/index.php?rest_route=\/wp\/v2\/types\/post"}],"author":[{"embeddable":true,"href":"https:\/\/archive.sana.sy\/es\/index.php?rest_route=\/wp\/v2\/users\/42"}],"replies":[{"embeddable":true,"href":"https:\/\/archive.sana.sy\/es\/index.php?rest_route=%2Fwp%2Fv2%2Fcomments&post=287226"}],"version-history":[{"count":0,"href":"https:\/\/archive.sana.sy\/es\/index.php?rest_route=\/wp\/v2\/posts\/287226\/revisions"}],"wp:featuredmedia":[{"embeddable":true,"href":"https:\/\/archive.sana.sy\/es\/index.php?rest_route=\/wp\/v2\/media\/287227"}],"wp:attachment":[{"href":"https:\/\/archive.sana.sy\/es\/index.php?rest_route=%2Fwp%2Fv2%2Fmedia&parent=287226"}],"wp:term":[{"taxonomy":"category","embeddable":true,"href":"https:\/\/archive.sana.sy\/es\/index.php?rest_route=%2Fwp%2Fv2%2Fcategories&post=287226"},{"taxonomy":"post_tag","embeddable":true,"href":"https:\/\/archive.sana.sy\/es\/index.php?rest_route=%2Fwp%2Fv2%2Ftags&post=287226"}],"curies":[{"name":"wp","href":"https:\/\/api.w.org\/{rel}","templated":true}]}}