{"id":287236,"date":"2023-02-14T16:31:32","date_gmt":"2023-02-14T13:31:32","guid":{"rendered":"https:\/\/sana.sy\/es\/?p=287236"},"modified":"2023-02-14T16:38:02","modified_gmt":"2023-02-14T13:38:02","slug":"japon-ofrece-condolencias-a-siria-por-victimas-del-terremoto","status":"publish","type":"post","link":"https:\/\/archive.sana.sy\/es\/?p=287236","title":{"rendered":"Jap\u00f3n ofrece condolencias a Siria por v\u00edctimas del terremoto"},"content":{"rendered":"<p style=\"text-align: justify;\"><span style=\"color: #800000;\"><strong>\u00a0Tokio, 14 feb (SANA)\u00a0 <\/strong><\/span>Representantes del Ministerio de Relaciones Exteriores de Jap\u00f3n, varios embajadores y miembros del cuerpo diplom\u00e1tico acreditado en Tokio, ciudadanos y figuras oficiales sirios y japoneses visitaron la sede de la Embajada de Siria para ofrecer sus condolencias por las v\u00edctimas del terremoto .<\/p>\n<p style=\"text-align: justify;\">Los visitantes expresaron en el libro de condolencias su sincero pesar por lo que sufri\u00f3 Siria a causa de esta cat\u00e1strofe natural.<\/p>\n<p style=\"text-align: justify;\">La Embajada siria recibi\u00f3 tambi\u00e9n decenas de telegramas de condolencias por las p\u00e9rdidas que provoc\u00f3 el terremoto devastador.<\/p>\n<p style=\"text-align: justify;\">ed\/la<\/p>\n","protected":false},"excerpt":{"rendered":"<p>\u00a0Tokio, 14 feb (SANA)\u00a0 Representantes del Ministerio de Relaciones Exteriores de Jap\u00f3n, varios embajadores y miembros del cuerpo diplom\u00e1tico acreditado en Tokio, ciudadanos y figuras oficiales sirios y japoneses visitaron la sede de la Embajada de Siria para ofrecer sus condolencias por las v\u00edctimas del terremoto . Los visitantes expresaron en el libro de condolencias &hellip;<\/p>\n","protected":false},"author":32,"featured_media":287238,"comment_status":"closed","ping_status":"closed","sticky":false,"template":"","format":"standard","meta":{"footnotes":""},"categories":[597,20724,467,7541],"tags":[],"class_list":["post-287236","post","type-post","status-publish","format-standard","has-post-thumbnail","","category-cinta-de-noticias","category-minuto-a-minuto","category-siria-y-el-mundo","category-ultimas-noticias"],"_links":{"self":[{"href":"https:\/\/archive.sana.sy\/es\/index.php?rest_route=\/wp\/v2\/posts\/287236"}],"collection":[{"href":"https:\/\/archive.sana.sy\/es\/index.php?rest_route=\/wp\/v2\/posts"}],"about":[{"href":"https:\/\/archive.sana.sy\/es\/index.php?rest_route=\/wp\/v2\/types\/post"}],"author":[{"embeddable":true,"href":"https:\/\/archive.sana.sy\/es\/index.php?rest_route=\/wp\/v2\/users\/32"}],"replies":[{"embeddable":true,"href":"https:\/\/archive.sana.sy\/es\/index.php?rest_route=%2Fwp%2Fv2%2Fcomments&post=287236"}],"version-history":[{"count":0,"href":"https:\/\/archive.sana.sy\/es\/index.php?rest_route=\/wp\/v2\/posts\/287236\/revisions"}],"wp:featuredmedia":[{"embeddable":true,"href":"https:\/\/archive.sana.sy\/es\/index.php?rest_route=\/wp\/v2\/media\/287238"}],"wp:attachment":[{"href":"https:\/\/archive.sana.sy\/es\/index.php?rest_route=%2Fwp%2Fv2%2Fmedia&parent=287236"}],"wp:term":[{"taxonomy":"category","embeddable":true,"href":"https:\/\/archive.sana.sy\/es\/index.php?rest_route=%2Fwp%2Fv2%2Fcategories&post=287236"},{"taxonomy":"post_tag","embeddable":true,"href":"https:\/\/archive.sana.sy\/es\/index.php?rest_route=%2Fwp%2Fv2%2Ftags&post=287236"}],"curies":[{"name":"wp","href":"https:\/\/api.w.org\/{rel}","templated":true}]}}