{"id":287240,"date":"2023-02-14T16:43:05","date_gmt":"2023-02-14T13:43:05","guid":{"rendered":"https:\/\/sana.sy\/es\/?p=287240"},"modified":"2023-02-14T16:43:05","modified_gmt":"2023-02-14T13:43:05","slug":"avion-rumano-arriba-a-beirut-con-ayuda-destinada-a-los-afectados-del-terremoto-en-siria","status":"publish","type":"post","link":"https:\/\/archive.sana.sy\/es\/?p=287240","title":{"rendered":"Avi\u00f3n rumano arriba a Beirut con ayuda destinada a los afectados del terremoto en Siria"},"content":{"rendered":"<p style=\"text-align: justify;\"><span style=\"color: #800000;\"><strong>Beirut, 14 feb (SANA)<\/strong><\/span>\u00a0 \u00a0 Un avi\u00f3n militar rumano aterriz\u00f3 hoy en el Aeropuerto Internacional de Beirut con ayuda humanitaria a bordo para las v\u00edctimas del terremoto que azot\u00f3 Siria el seis del mes en curso.<\/p>\n<p style=\"text-align: justify;\">El embajador de Ruman\u00eda en Beirut, Dan Sandovici, inform\u00f3 en declaraciones a los periodistas que estos aviones trajeron m\u00e1s de cinco toneladas de ayuda m\u00e9dica y alimentaria, los cuales ser\u00e1n trasladados a continuaci\u00f3n a Siria en coordinaci\u00f3n con la Uni\u00f3n Europea.<\/p>\n<p style=\"text-align: justify;\">Se\u00f1al\u00f3 que esto se trata del primer lote de asistencia y los dem\u00e1s llagar\u00e1n m\u00e1s tarde.<\/p>\n<p style=\"text-align: justify;\">\u201cEsta ayuda expresa la solidaridad del gobierno y pueblo rumanos con el pueblo sirio en estos momentos dif\u00edciles que est\u00e1 atravesando a consecuencia del terremoto\u201d, subray\u00f3.<\/p>\n<p style=\"text-align: justify;\">ed\/la<\/p>\n<p style=\"text-align: justify;\">\n<div id='gallery-1' class='gallery galleryid-287240 gallery-columns-1 gallery-size-full'><figure class='gallery-item'>\n\t\t\t<div class='gallery-icon portrait'>\n\t\t\t\t<a href='https:\/\/archive.sana.sy\/es\/wp-content\/uploads\/2023\/02\/photo_2023-02-14_15-08-53-scaled.jpg'><img loading=\"lazy\" decoding=\"async\" width=\"2066\" height=\"2560\" src=\"https:\/\/archive.sana.sy\/es\/wp-content\/uploads\/2023\/02\/photo_2023-02-14_15-08-53-scaled.jpg\" class=\"attachment-full size-full\" alt=\"\" srcset=\"https:\/\/archive.sana.sy\/es\/wp-content\/uploads\/2023\/02\/photo_2023-02-14_15-08-53-scaled.jpg 2066w, https:\/\/archive.sana.sy\/es\/wp-content\/uploads\/2023\/02\/photo_2023-02-14_15-08-53-242x300.jpg 242w, https:\/\/archive.sana.sy\/es\/wp-content\/uploads\/2023\/02\/photo_2023-02-14_15-08-53-827x1024.jpg 827w, https:\/\/archive.sana.sy\/es\/wp-content\/uploads\/2023\/02\/photo_2023-02-14_15-08-53-121x150.jpg 121w, https:\/\/archive.sana.sy\/es\/wp-content\/uploads\/2023\/02\/photo_2023-02-14_15-08-53-768x951.jpg 768w, https:\/\/archive.sana.sy\/es\/wp-content\/uploads\/2023\/02\/photo_2023-02-14_15-08-53-1240x1536.jpg 1240w, https:\/\/archive.sana.sy\/es\/wp-content\/uploads\/2023\/02\/photo_2023-02-14_15-08-53-1653x2048.jpg 1653w\" sizes=\"(max-width: 2066px) 100vw, 2066px\" \/><\/a>\n\t\t\t<\/div><\/figure><figure class='gallery-item'>\n\t\t\t<div class='gallery-icon landscape'>\n\t\t\t\t<a href='https:\/\/archive.sana.sy\/es\/wp-content\/uploads\/2023\/02\/photo_2023-02-14_15-08-36-scaled.jpg'><img loading=\"lazy\" decoding=\"async\" width=\"2560\" height=\"1744\" src=\"https:\/\/archive.sana.sy\/es\/wp-content\/uploads\/2023\/02\/photo_2023-02-14_15-08-36-scaled.jpg\" class=\"attachment-full size-full\" alt=\"\" srcset=\"https:\/\/archive.sana.sy\/es\/wp-content\/uploads\/2023\/02\/photo_2023-02-14_15-08-36-scaled.jpg 2560w, https:\/\/archive.sana.sy\/es\/wp-content\/uploads\/2023\/02\/photo_2023-02-14_15-08-36-300x204.jpg 300w, https:\/\/archive.sana.sy\/es\/wp-content\/uploads\/2023\/02\/photo_2023-02-14_15-08-36-1024x698.jpg 1024w, https:\/\/archive.sana.sy\/es\/wp-content\/uploads\/2023\/02\/photo_2023-02-14_15-08-36-150x102.jpg 150w, https:\/\/archive.sana.sy\/es\/wp-content\/uploads\/2023\/02\/photo_2023-02-14_15-08-36-768x523.jpg 768w, https:\/\/archive.sana.sy\/es\/wp-content\/uploads\/2023\/02\/photo_2023-02-14_15-08-36-1536x1047.jpg 1536w, https:\/\/archive.sana.sy\/es\/wp-content\/uploads\/2023\/02\/photo_2023-02-14_15-08-36-2048x1395.jpg 2048w, https:\/\/archive.sana.sy\/es\/wp-content\/uploads\/2023\/02\/photo_2023-02-14_15-08-36-110x75.jpg 110w\" sizes=\"(max-width: 2560px) 100vw, 2560px\" \/><\/a>\n\t\t\t<\/div><\/figure><figure class='gallery-item'>\n\t\t\t<div class='gallery-icon landscape'>\n\t\t\t\t<a href='https:\/\/archive.sana.sy\/es\/wp-content\/uploads\/2023\/02\/photo_2023-02-14_14-51-41-scaled.jpg'><img loading=\"lazy\" decoding=\"async\" width=\"2560\" height=\"1685\" src=\"https:\/\/archive.sana.sy\/es\/wp-content\/uploads\/2023\/02\/photo_2023-02-14_14-51-41-scaled.jpg\" class=\"attachment-full size-full\" alt=\"\" srcset=\"https:\/\/archive.sana.sy\/es\/wp-content\/uploads\/2023\/02\/photo_2023-02-14_14-51-41-scaled.jpg 2560w, https:\/\/archive.sana.sy\/es\/wp-content\/uploads\/2023\/02\/photo_2023-02-14_14-51-41-300x197.jpg 300w, https:\/\/archive.sana.sy\/es\/wp-content\/uploads\/2023\/02\/photo_2023-02-14_14-51-41-1024x674.jpg 1024w, https:\/\/archive.sana.sy\/es\/wp-content\/uploads\/2023\/02\/photo_2023-02-14_14-51-41-150x99.jpg 150w, https:\/\/archive.sana.sy\/es\/wp-content\/uploads\/2023\/02\/photo_2023-02-14_14-51-41-768x505.jpg 768w, https:\/\/archive.sana.sy\/es\/wp-content\/uploads\/2023\/02\/photo_2023-02-14_14-51-41-1536x1011.jpg 1536w, https:\/\/archive.sana.sy\/es\/wp-content\/uploads\/2023\/02\/photo_2023-02-14_14-51-41-2048x1348.jpg 2048w, https:\/\/archive.sana.sy\/es\/wp-content\/uploads\/2023\/02\/photo_2023-02-14_14-51-41-310x205.jpg 310w\" sizes=\"(max-width: 2560px) 100vw, 2560px\" \/><\/a>\n\t\t\t<\/div><\/figure>\n\t\t<\/div>\n\n","protected":false},"excerpt":{"rendered":"<p>Beirut, 14 feb (SANA)\u00a0 \u00a0 Un avi\u00f3n militar rumano aterriz\u00f3 hoy en el Aeropuerto Internacional de Beirut con ayuda humanitaria a bordo para las v\u00edctimas del terremoto que azot\u00f3 Siria el seis del mes en curso. El embajador de Ruman\u00eda en Beirut, Dan Sandovici, inform\u00f3 en declaraciones a los periodistas que estos aviones trajeron m\u00e1s &hellip;<\/p>\n","protected":false},"author":32,"featured_media":287241,"comment_status":"closed","ping_status":"closed","sticky":false,"template":"","format":"standard","meta":{"footnotes":""},"categories":[597,20724,467,7541],"tags":[],"class_list":["post-287240","post","type-post","status-publish","format-standard","has-post-thumbnail","","category-cinta-de-noticias","category-minuto-a-minuto","category-siria-y-el-mundo","category-ultimas-noticias"],"_links":{"self":[{"href":"https:\/\/archive.sana.sy\/es\/index.php?rest_route=\/wp\/v2\/posts\/287240"}],"collection":[{"href":"https:\/\/archive.sana.sy\/es\/index.php?rest_route=\/wp\/v2\/posts"}],"about":[{"href":"https:\/\/archive.sana.sy\/es\/index.php?rest_route=\/wp\/v2\/types\/post"}],"author":[{"embeddable":true,"href":"https:\/\/archive.sana.sy\/es\/index.php?rest_route=\/wp\/v2\/users\/32"}],"replies":[{"embeddable":true,"href":"https:\/\/archive.sana.sy\/es\/index.php?rest_route=%2Fwp%2Fv2%2Fcomments&post=287240"}],"version-history":[{"count":0,"href":"https:\/\/archive.sana.sy\/es\/index.php?rest_route=\/wp\/v2\/posts\/287240\/revisions"}],"wp:featuredmedia":[{"embeddable":true,"href":"https:\/\/archive.sana.sy\/es\/index.php?rest_route=\/wp\/v2\/media\/287241"}],"wp:attachment":[{"href":"https:\/\/archive.sana.sy\/es\/index.php?rest_route=%2Fwp%2Fv2%2Fmedia&parent=287240"}],"wp:term":[{"taxonomy":"category","embeddable":true,"href":"https:\/\/archive.sana.sy\/es\/index.php?rest_route=%2Fwp%2Fv2%2Fcategories&post=287240"},{"taxonomy":"post_tag","embeddable":true,"href":"https:\/\/archive.sana.sy\/es\/index.php?rest_route=%2Fwp%2Fv2%2Ftags&post=287240"}],"curies":[{"name":"wp","href":"https:\/\/api.w.org\/{rel}","templated":true}]}}