{"id":287247,"date":"2023-02-14T17:26:38","date_gmt":"2023-02-14T14:26:38","guid":{"rendered":"https:\/\/sana.sy\/es\/?p=287247"},"modified":"2023-02-14T18:18:55","modified_gmt":"2023-02-14T15:18:55","slug":"presidente-al-assad-recibe-a-la-presidenta-del-comite-internacional-de-la-cruz-roja","status":"publish","type":"post","link":"https:\/\/archive.sana.sy\/es\/?p=287247","title":{"rendered":"Presidente al-Assad recibe a la presidenta del Comit\u00e9 Internacional de la Cruz Roja"},"content":{"rendered":"<p style=\"text-align: justify\"><span style=\"color: #800000\"><strong>Damasco, 14 feb (SANA)<\/strong><\/span> El presidente Bashar al-Assad, recibi\u00f3 este martes a la presidenta del Comit\u00e9 Internacional de la Cruz Roja (CICR), Mirjana Spoljaric.<\/p>\n<p style=\"text-align: justify\">Durante el encuentro, Spoljaric asegur\u00f3 al presidente al-Assad que el CICR est\u00e1 trabajando para responder las necesidades b\u00e1sicas del pueblo sirio y brindarle todo lo necesario para que pueda superar la dif\u00edcil situaci\u00f3n generada por el terremoto.<\/p>\n<p style=\"text-align: justify\">Subray\u00f3 que su organizaci\u00f3n moviliz\u00f3 sus esfuerzos con el fin de ampliar las acciones humanitarias que est\u00e1 llevando a cabo en todo el territorio sirio. En este sentido, valor\u00f3 altamente la cooperaci\u00f3n del gobierno sirio y la Media Luna Roja \u00c1rabe Siria con el CICR.<\/p>\n<p style=\"text-align: justify\">Por su parte, el presidente al-Assad reiter\u00f3 el inter\u00e9s del Gobierno sirio en hacer llegar la ayuda a todas las \u00e1reas con el fin de brindar alivio a los afectados.<\/p>\n<p style=\"text-align: justify\">Al tratar la situaci\u00f3n humanitaria en Siria es importante tomar en consideraci\u00f3n la infraestructura y otros sectores como la salud y las comunicaciones porque los mismos afectan directamente las condiciones humanitarias y de vida de los sirios, afirm\u00f3 el mandatario.<\/p>\n<p style=\"text-align: justify\">la\/fm<\/p>\n","protected":false},"excerpt":{"rendered":"<p>Damasco, 14 feb (SANA) El presidente Bashar al-Assad, recibi\u00f3 este martes a la presidenta del Comit\u00e9 Internacional de la Cruz Roja (CICR), Mirjana Spoljaric. Durante el encuentro, Spoljaric asegur\u00f3 al presidente al-Assad que el CICR est\u00e1 trabajando para responder las necesidades b\u00e1sicas del pueblo sirio y brindarle todo lo necesario para que pueda superar la &hellip;<\/p>\n","protected":false},"author":24,"featured_media":287248,"comment_status":"closed","ping_status":"closed","sticky":false,"template":"","format":"standard","meta":{"footnotes":""},"categories":[447,597,20724,448,16237,583,626],"tags":[],"class_list":["post-287247","post","type-post","status-publish","format-standard","has-post-thumbnail","","category-local-politica","category-cinta-de-noticias","category-minuto-a-minuto","category-noticias","category-presidence-de-la-republique-arabe-syria","category-slide","category-sr-presidente"],"_links":{"self":[{"href":"https:\/\/archive.sana.sy\/es\/index.php?rest_route=\/wp\/v2\/posts\/287247"}],"collection":[{"href":"https:\/\/archive.sana.sy\/es\/index.php?rest_route=\/wp\/v2\/posts"}],"about":[{"href":"https:\/\/archive.sana.sy\/es\/index.php?rest_route=\/wp\/v2\/types\/post"}],"author":[{"embeddable":true,"href":"https:\/\/archive.sana.sy\/es\/index.php?rest_route=\/wp\/v2\/users\/24"}],"replies":[{"embeddable":true,"href":"https:\/\/archive.sana.sy\/es\/index.php?rest_route=%2Fwp%2Fv2%2Fcomments&post=287247"}],"version-history":[{"count":0,"href":"https:\/\/archive.sana.sy\/es\/index.php?rest_route=\/wp\/v2\/posts\/287247\/revisions"}],"wp:featuredmedia":[{"embeddable":true,"href":"https:\/\/archive.sana.sy\/es\/index.php?rest_route=\/wp\/v2\/media\/287248"}],"wp:attachment":[{"href":"https:\/\/archive.sana.sy\/es\/index.php?rest_route=%2Fwp%2Fv2%2Fmedia&parent=287247"}],"wp:term":[{"taxonomy":"category","embeddable":true,"href":"https:\/\/archive.sana.sy\/es\/index.php?rest_route=%2Fwp%2Fv2%2Fcategories&post=287247"},{"taxonomy":"post_tag","embeddable":true,"href":"https:\/\/archive.sana.sy\/es\/index.php?rest_route=%2Fwp%2Fv2%2Ftags&post=287247"}],"curies":[{"name":"wp","href":"https:\/\/api.w.org\/{rel}","templated":true}]}}