{"id":287255,"date":"2023-02-14T17:55:15","date_gmt":"2023-02-14T14:55:15","guid":{"rendered":"https:\/\/sana.sy\/es\/?p=287255"},"modified":"2023-02-14T17:58:40","modified_gmt":"2023-02-14T14:58:40","slug":"japon-enviara-ayuda-humanitaria-a-los-siniestrados-por-el-terremoto-en-siria","status":"publish","type":"post","link":"https:\/\/archive.sana.sy\/es\/?p=287255","title":{"rendered":"Jap\u00f3n enviar\u00e1 ayuda humanitaria a los siniestrados por el terremoto en Siria"},"content":{"rendered":"<p style=\"text-align: justify\"><span style=\"color: #800000\"><strong>Damasco, 14 feb (SANA)<\/strong><\/span> El Gobierno japon\u00e9s anunci\u00f3 el env\u00edo de asistencia humanitaria a los afectados por el terremoto que azot\u00f3 a Siria el seis del mes en curso.<\/p>\n<p style=\"text-align: justify\">Esta informaci\u00f3n se dio a conocer a trav\u00e9s de un comunicado emitido por la Embajada de Jap\u00f3n en Damasco en el cual confirm\u00f3 que la carga de ayuda llegar\u00e1 al Aeropuerto Internacional de Damasco el 15 de este mes.<\/p>\n<p style=\"text-align: justify\">La agencia JICA se encargar\u00e1 de coordinar la ayuda que consiste en s\u00e1banas, colchones, tiendas de campa\u00f1a, entre otros.<\/p>\n<p style=\"text-align: justify\">la<\/p>\n","protected":false},"excerpt":{"rendered":"<p>Damasco, 14 feb (SANA) El Gobierno japon\u00e9s anunci\u00f3 el env\u00edo de asistencia humanitaria a los afectados por el terremoto que azot\u00f3 a Siria el seis del mes en curso. Esta informaci\u00f3n se dio a conocer a trav\u00e9s de un comunicado emitido por la Embajada de Jap\u00f3n en Damasco en el cual confirm\u00f3 que la carga &hellip;<\/p>\n","protected":false},"author":24,"featured_media":287256,"comment_status":"closed","ping_status":"closed","sticky":false,"template":"","format":"standard","meta":{"footnotes":""},"categories":[447,597,20724,448,467],"tags":[],"class_list":["post-287255","post","type-post","status-publish","format-standard","has-post-thumbnail","","category-local-politica","category-cinta-de-noticias","category-minuto-a-minuto","category-noticias","category-siria-y-el-mundo"],"_links":{"self":[{"href":"https:\/\/archive.sana.sy\/es\/index.php?rest_route=\/wp\/v2\/posts\/287255"}],"collection":[{"href":"https:\/\/archive.sana.sy\/es\/index.php?rest_route=\/wp\/v2\/posts"}],"about":[{"href":"https:\/\/archive.sana.sy\/es\/index.php?rest_route=\/wp\/v2\/types\/post"}],"author":[{"embeddable":true,"href":"https:\/\/archive.sana.sy\/es\/index.php?rest_route=\/wp\/v2\/users\/24"}],"replies":[{"embeddable":true,"href":"https:\/\/archive.sana.sy\/es\/index.php?rest_route=%2Fwp%2Fv2%2Fcomments&post=287255"}],"version-history":[{"count":0,"href":"https:\/\/archive.sana.sy\/es\/index.php?rest_route=\/wp\/v2\/posts\/287255\/revisions"}],"wp:featuredmedia":[{"embeddable":true,"href":"https:\/\/archive.sana.sy\/es\/index.php?rest_route=\/wp\/v2\/media\/287256"}],"wp:attachment":[{"href":"https:\/\/archive.sana.sy\/es\/index.php?rest_route=%2Fwp%2Fv2%2Fmedia&parent=287255"}],"wp:term":[{"taxonomy":"category","embeddable":true,"href":"https:\/\/archive.sana.sy\/es\/index.php?rest_route=%2Fwp%2Fv2%2Fcategories&post=287255"},{"taxonomy":"post_tag","embeddable":true,"href":"https:\/\/archive.sana.sy\/es\/index.php?rest_route=%2Fwp%2Fv2%2Ftags&post=287255"}],"curies":[{"name":"wp","href":"https:\/\/api.w.org\/{rel}","templated":true}]}}