{"id":287286,"date":"2023-02-14T19:48:11","date_gmt":"2023-02-14T16:48:11","guid":{"rendered":"https:\/\/sana.sy\/es\/?p=287286"},"modified":"2023-02-14T19:57:39","modified_gmt":"2023-02-14T16:57:39","slug":"kiev-prepara-una-provocacion-de-falsa-bandera-para-acusar-a-rusia-de-violar-el-convenio-sobre-seguridad-nuclear","status":"publish","type":"post","link":"https:\/\/archive.sana.sy\/es\/?p=287286","title":{"rendered":"Kiev prepara una provocaci\u00f3n de falsa bandera para acusar a Rusia de violar el convenio sobre seguridad nuclear"},"content":{"rendered":"<p style=\"text-align: justify\"><span style=\"color: #800000\"><em><strong>&#8220;Se est\u00e1n preparando evidencias falsas de que los soldados rusos robaron &#8220;materiales radiactivos, soluciones qu\u00edmicas y equipos contaminados, lo que supuestamente provoc\u00f3 la exposici\u00f3n de la poblaci\u00f3n a radiaci\u00f3n&#8221;<\/strong><\/em><\/span><\/p>\n<p style=\"text-align: justify\"><strong><span style=\"color: #800000\">Mosc\u00fa, 14 feb (SANA)<\/span><\/strong> El Ministerio de Defensa de Rusia declar\u00f3 que Kiev est\u00e1 preparando una provocaci\u00f3n para acusar a Mosc\u00fa de violar la Convenci\u00f3n sobre Seguridad Nuclear.<\/p>\n<p style=\"text-align: justify\">Citado por RT, el comunicado del ente rez\u00f3 que &#8220;el r\u00e9gimen de Kiev, apoyado por EE.UU. y pa\u00edses europeos, est\u00e1 ultimando los preparativos de una provocaci\u00f3n informativa a gran escala para acusar a la Federaci\u00f3n Rusa, antes de la Und\u00e9cima Sesi\u00f3n Extraordinaria Especial de la Asamblea General de la ONU del 22 de febrero de este a\u00f1o, de supuestas &#8216;graves violaciones&#8217; de la Convenci\u00f3n sobre Seguridad Nuclear durante la operaci\u00f3n militar especial&#8221;.<\/p>\n<p style=\"text-align: justify\">Desde el organismo detallaron que se est\u00e1n preparando evidencias falsas de que los soldados rusos robaron &#8220;materiales radiactivos, soluciones qu\u00edmicas y equipos contaminados&#8221;, lo que supuestamente provoc\u00f3 la exposici\u00f3n de la poblaci\u00f3n a radiaci\u00f3n.<\/p>\n<p style=\"text-align: justify\">Adem\u00e1s, especialistas de Noruega, junto con los servicios de seguridad ucranianos, han falsificado protocolos sobre contaminaci\u00f3n radiactiva en la provincia de Kiev.<\/p>\n<p style=\"text-align: justify\">fm\/la<\/p>\n","protected":false},"excerpt":{"rendered":"<p>&#8220;Se est\u00e1n preparando evidencias falsas de que los soldados rusos robaron &#8220;materiales radiactivos, soluciones qu\u00edmicas y equipos contaminados, lo que supuestamente provoc\u00f3 la exposici\u00f3n de la poblaci\u00f3n a radiaci\u00f3n&#8221; Mosc\u00fa, 14 feb (SANA) El Ministerio de Defensa de Rusia declar\u00f3 que Kiev est\u00e1 preparando una provocaci\u00f3n para acusar a Mosc\u00fa de violar la Convenci\u00f3n sobre &hellip;<\/p>\n","protected":false},"author":24,"featured_media":287289,"comment_status":"closed","ping_status":"closed","sticky":false,"template":"","format":"standard","meta":{"footnotes":""},"categories":[447,597,456,16687,20724,448,7541],"tags":[],"class_list":["post-287286","post","type-post","status-publish","format-standard","has-post-thumbnail","","category-local-politica","category-cinta-de-noticias","category-arabe-internacional-politica","category-internacionales","category-minuto-a-minuto","category-noticias","category-ultimas-noticias"],"_links":{"self":[{"href":"https:\/\/archive.sana.sy\/es\/index.php?rest_route=\/wp\/v2\/posts\/287286"}],"collection":[{"href":"https:\/\/archive.sana.sy\/es\/index.php?rest_route=\/wp\/v2\/posts"}],"about":[{"href":"https:\/\/archive.sana.sy\/es\/index.php?rest_route=\/wp\/v2\/types\/post"}],"author":[{"embeddable":true,"href":"https:\/\/archive.sana.sy\/es\/index.php?rest_route=\/wp\/v2\/users\/24"}],"replies":[{"embeddable":true,"href":"https:\/\/archive.sana.sy\/es\/index.php?rest_route=%2Fwp%2Fv2%2Fcomments&post=287286"}],"version-history":[{"count":0,"href":"https:\/\/archive.sana.sy\/es\/index.php?rest_route=\/wp\/v2\/posts\/287286\/revisions"}],"wp:featuredmedia":[{"embeddable":true,"href":"https:\/\/archive.sana.sy\/es\/index.php?rest_route=\/wp\/v2\/media\/287289"}],"wp:attachment":[{"href":"https:\/\/archive.sana.sy\/es\/index.php?rest_route=%2Fwp%2Fv2%2Fmedia&parent=287286"}],"wp:term":[{"taxonomy":"category","embeddable":true,"href":"https:\/\/archive.sana.sy\/es\/index.php?rest_route=%2Fwp%2Fv2%2Fcategories&post=287286"},{"taxonomy":"post_tag","embeddable":true,"href":"https:\/\/archive.sana.sy\/es\/index.php?rest_route=%2Fwp%2Fv2%2Ftags&post=287286"}],"curies":[{"name":"wp","href":"https:\/\/api.w.org\/{rel}","templated":true}]}}