{"id":287291,"date":"2023-02-14T17:04:41","date_gmt":"2023-02-14T14:04:41","guid":{"rendered":"https:\/\/sana.sy\/es\/?p=287291"},"modified":"2023-02-14T20:05:23","modified_gmt":"2023-02-14T17:05:23","slug":"zajarova-kiev-paga-con-vidas-la-hegemonia-de-eeuu","status":"publish","type":"post","link":"https:\/\/archive.sana.sy\/es\/?p=287291","title":{"rendered":"Zaj\u00e1rova: Kiev paga con vidas la hegemon\u00eda de EEUU"},"content":{"rendered":"<p style=\"text-align: justify\"><span style=\"color: #800000\"><strong>Mosc\u00fa, 14 feb (SANA)<\/strong> <\/span>La portavoz del Ministerio de Exteriores ruso, Mar\u00eda Zaj\u00e1rova, dijo hoy que &#8220;la guerra de Occidente contra Rusia es hasta el \u00faltimo ucraniano, y que los ucranianos &#8220;sufren bajas colosales&#8221; para pagar &#8220;las ambiciones hegem\u00f3nicas de EEUU&#8221;.<\/p>\n<p style=\"text-align: justify\">En su canal de Telegram, Zaj\u00e1rova escribi\u00f3 que los neoliberales estadounidenses destruyeron Ucrania y est\u00e1n exterminando al pueblo ucraniano.<\/p>\n<p style=\"text-align: justify\">La Casa Blanca asegura que con la ayuda proporcionada recientemente por Washington y sus aliados, Kiev puede cambiar decisivamente el curso del conflicto.<\/p>\n<p style=\"text-align: justify\">fm\/la<\/p>\n","protected":false},"excerpt":{"rendered":"<p>Mosc\u00fa, 14 feb (SANA) La portavoz del Ministerio de Exteriores ruso, Mar\u00eda Zaj\u00e1rova, dijo hoy que &#8220;la guerra de Occidente contra Rusia es hasta el \u00faltimo ucraniano, y que los ucranianos &#8220;sufren bajas colosales&#8221; para pagar &#8220;las ambiciones hegem\u00f3nicas de EEUU&#8221;. En su canal de Telegram, Zaj\u00e1rova escribi\u00f3 que los neoliberales estadounidenses destruyeron Ucrania y &hellip;<\/p>\n","protected":false},"author":24,"featured_media":287293,"comment_status":"closed","ping_status":"closed","sticky":false,"template":"","format":"standard","meta":{"footnotes":""},"categories":[447,597,456,16687,20724,448,7541],"tags":[],"class_list":["post-287291","post","type-post","status-publish","format-standard","has-post-thumbnail","","category-local-politica","category-cinta-de-noticias","category-arabe-internacional-politica","category-internacionales","category-minuto-a-minuto","category-noticias","category-ultimas-noticias"],"_links":{"self":[{"href":"https:\/\/archive.sana.sy\/es\/index.php?rest_route=\/wp\/v2\/posts\/287291"}],"collection":[{"href":"https:\/\/archive.sana.sy\/es\/index.php?rest_route=\/wp\/v2\/posts"}],"about":[{"href":"https:\/\/archive.sana.sy\/es\/index.php?rest_route=\/wp\/v2\/types\/post"}],"author":[{"embeddable":true,"href":"https:\/\/archive.sana.sy\/es\/index.php?rest_route=\/wp\/v2\/users\/24"}],"replies":[{"embeddable":true,"href":"https:\/\/archive.sana.sy\/es\/index.php?rest_route=%2Fwp%2Fv2%2Fcomments&post=287291"}],"version-history":[{"count":0,"href":"https:\/\/archive.sana.sy\/es\/index.php?rest_route=\/wp\/v2\/posts\/287291\/revisions"}],"wp:featuredmedia":[{"embeddable":true,"href":"https:\/\/archive.sana.sy\/es\/index.php?rest_route=\/wp\/v2\/media\/287293"}],"wp:attachment":[{"href":"https:\/\/archive.sana.sy\/es\/index.php?rest_route=%2Fwp%2Fv2%2Fmedia&parent=287291"}],"wp:term":[{"taxonomy":"category","embeddable":true,"href":"https:\/\/archive.sana.sy\/es\/index.php?rest_route=%2Fwp%2Fv2%2Fcategories&post=287291"},{"taxonomy":"post_tag","embeddable":true,"href":"https:\/\/archive.sana.sy\/es\/index.php?rest_route=%2Fwp%2Fv2%2Ftags&post=287291"}],"curies":[{"name":"wp","href":"https:\/\/api.w.org\/{rel}","templated":true}]}}