{"id":287304,"date":"2023-02-14T20:58:58","date_gmt":"2023-02-14T17:58:58","guid":{"rendered":"https:\/\/sana.sy\/es\/?p=287304"},"modified":"2023-02-14T20:58:58","modified_gmt":"2023-02-14T17:58:58","slug":"destacadas-figuras-cubanas-expresan-condolencias-a-siria-por-victimas-del-terremoto","status":"publish","type":"post","link":"https:\/\/archive.sana.sy\/es\/?p=287304","title":{"rendered":"Destacadas figuras cubanas expresan condolencias a Siria por v\u00edctimas del terremoto"},"content":{"rendered":"<p style=\"text-align: justify\"><span style=\"color: #800000\"><strong>La Habana, 14 feb (SANA)<\/strong><\/span> Personalidades y representantes de varios ministerios e instituciones cubanas y miembros del cuerpo diplom\u00e1tico acreditado en Cuba acudieron a la Embajada de Siria ante La Habana para expresar sus profundas condolencias al pueblo y gobierno de Siria por las v\u00edctimas del terremoto.<\/p>\n<p><img loading=\"lazy\" decoding=\"async\" class=\"size-medium wp-image-287306 alignleft\" src=\"http:\/\/sana.sy\/es\/wp-content\/uploads\/2023\/02\/Cubanos-en-Embajada-siria-300x135.jpg\" alt=\"\" width=\"300\" height=\"135\" srcset=\"https:\/\/archive.sana.sy\/es\/wp-content\/uploads\/2023\/02\/Cubanos-en-Embajada-siria-300x135.jpg 300w, https:\/\/archive.sana.sy\/es\/wp-content\/uploads\/2023\/02\/Cubanos-en-Embajada-siria-150x68.jpg 150w, https:\/\/archive.sana.sy\/es\/wp-content\/uploads\/2023\/02\/Cubanos-en-Embajada-siria.jpg 660w\" sizes=\"(max-width: 300px) 100vw, 300px\" \/><\/p>\n<p style=\"text-align: justify\">Los visitantes reiteraron su condena y rechazo al bloqueo y las medidas coercitivas unilaterales impuestas por algunos pa\u00edses europeos y Estados Unidos a Siria, y subrayaron la necesidad de levantarlas, especialmente ante las dif\u00edciles circunstancias que est\u00e1 enfrentando el pueblo sirio por la cat\u00e1strofe natural.<\/p>\n<p style=\"text-align: justify\">En declaraciones a la reportera SANA, la vicepresidenta del Consejo de Estado y vicepresidenta de la Asamblea Nacional del Poder Popular (Parlamento) de Cuba, Ana Mar\u00eda Mari Machado, expres\u00f3 su m\u00e1s sentido pesar a las familias de las v\u00edctimas\u00a0 y su solidaridad con todos los afectados por el devastador terremoto en Siria.<\/p>\n<p style=\"text-align: justify\">Machado afirm\u00f3 que Siria y su pueblo pueden contar con el apoyo y la postura solidaria del pueblo cubano.<\/p>\n<p style=\"text-align: justify\">Los sirios residentes en Cuba tambi\u00e9n participaron en el acto de condolencias donde expres\u00f3 su solidaridad y apoyo a su madre patria, y destacaron que Siria es capaz, gracias a la determinaci\u00f3n de su pueblo y la sabidur\u00eda de su liderazgo, de superar las repercusiones de este desastre.<\/p>\n<p>&nbsp;<\/p>\n<p style=\"text-align: justify\">la<\/p>\n","protected":false},"excerpt":{"rendered":"<p>La Habana, 14 feb (SANA) Personalidades y representantes de varios ministerios e instituciones cubanas y miembros del cuerpo diplom\u00e1tico acreditado en Cuba acudieron a la Embajada de Siria ante La Habana para expresar sus profundas condolencias al pueblo y gobierno de Siria por las v\u00edctimas del terremoto. Los visitantes reiteraron su condena y rechazo al &hellip;<\/p>\n","protected":false},"author":24,"featured_media":287305,"comment_status":"closed","ping_status":"closed","sticky":false,"template":"","format":"standard","meta":{"footnotes":""},"categories":[597,20724,467,7541],"tags":[],"class_list":["post-287304","post","type-post","status-publish","format-standard","has-post-thumbnail","","category-cinta-de-noticias","category-minuto-a-minuto","category-siria-y-el-mundo","category-ultimas-noticias"],"_links":{"self":[{"href":"https:\/\/archive.sana.sy\/es\/index.php?rest_route=\/wp\/v2\/posts\/287304"}],"collection":[{"href":"https:\/\/archive.sana.sy\/es\/index.php?rest_route=\/wp\/v2\/posts"}],"about":[{"href":"https:\/\/archive.sana.sy\/es\/index.php?rest_route=\/wp\/v2\/types\/post"}],"author":[{"embeddable":true,"href":"https:\/\/archive.sana.sy\/es\/index.php?rest_route=\/wp\/v2\/users\/24"}],"replies":[{"embeddable":true,"href":"https:\/\/archive.sana.sy\/es\/index.php?rest_route=%2Fwp%2Fv2%2Fcomments&post=287304"}],"version-history":[{"count":0,"href":"https:\/\/archive.sana.sy\/es\/index.php?rest_route=\/wp\/v2\/posts\/287304\/revisions"}],"wp:featuredmedia":[{"embeddable":true,"href":"https:\/\/archive.sana.sy\/es\/index.php?rest_route=\/wp\/v2\/media\/287305"}],"wp:attachment":[{"href":"https:\/\/archive.sana.sy\/es\/index.php?rest_route=%2Fwp%2Fv2%2Fmedia&parent=287304"}],"wp:term":[{"taxonomy":"category","embeddable":true,"href":"https:\/\/archive.sana.sy\/es\/index.php?rest_route=%2Fwp%2Fv2%2Fcategories&post=287304"},{"taxonomy":"post_tag","embeddable":true,"href":"https:\/\/archive.sana.sy\/es\/index.php?rest_route=%2Fwp%2Fv2%2Ftags&post=287304"}],"curies":[{"name":"wp","href":"https:\/\/api.w.org\/{rel}","templated":true}]}}