{"id":287308,"date":"2023-02-14T16:43:09","date_gmt":"2023-02-14T13:43:09","guid":{"rendered":"https:\/\/sana.sy\/es\/?p=287308"},"modified":"2023-02-14T21:08:14","modified_gmt":"2023-02-14T18:08:14","slug":"stoltenberg-niega-la-participacion-de-la-otan-en-el-conflicto-en-ucrania","status":"publish","type":"post","link":"https:\/\/archive.sana.sy\/es\/?p=287308","title":{"rendered":"Stoltenberg niega la participaci\u00f3n de la OTAN en el conflicto en Ucrania"},"content":{"rendered":"<p style=\"text-align: justify\"><span style=\"color: #800000\"><strong>Bruselas, 14 feb (SANA)<\/strong> <\/span>El secretario general de la Alianza Atl\u00e1ntica, Jens Stoltenberg, dijo hoy que tomar decisiones sobre los suministros militares a Kiev en la sede de la OTAN en Bruselas no significa participar en el conflicto en Ucrania.<\/p>\n<p style=\"text-align: justify\">En la conferencia de prensa antes del inicio de las reuniones de los ministros de Defensa de los pa\u00edses de la OTAN y el Grupo de contacto sobre Ucrania le preguntaron a Stoltenberg si las reuniones en Bruselas, como resultado de lo cual Kiev recibe armas cada vez m\u00e1s avanzadas, dan motivos para creer que la alianza es parte en el conflicto.<\/p>\n<p style=\"text-align: justify\">&#8220;Ni la OTAN, ni los miembros de la alianza son parte del conflicto&#8221;, dijo citado por Sputnik.<\/p>\n<p style=\"text-align: justify\">&#8220;Al principio era muy importante suministrar las armas antitanque ligeras Javelin, luego consideramos necesario suministrar la artiller\u00eda, y luego los sistemas de misiles antia\u00e9reos m\u00e1s avanzados Patriot y otros sistemas&#8221;, precis\u00f3.<\/p>\n<p style=\"text-align: justify\">fm\/la<\/p>\n","protected":false},"excerpt":{"rendered":"<p>Bruselas, 14 feb (SANA) El secretario general de la Alianza Atl\u00e1ntica, Jens Stoltenberg, dijo hoy que tomar decisiones sobre los suministros militares a Kiev en la sede de la OTAN en Bruselas no significa participar en el conflicto en Ucrania. En la conferencia de prensa antes del inicio de las reuniones de los ministros de &hellip;<\/p>\n","protected":false},"author":24,"featured_media":287309,"comment_status":"closed","ping_status":"closed","sticky":false,"template":"","format":"standard","meta":{"footnotes":""},"categories":[447,597,456,16687,20724,448,7541],"tags":[],"class_list":["post-287308","post","type-post","status-publish","format-standard","has-post-thumbnail","","category-local-politica","category-cinta-de-noticias","category-arabe-internacional-politica","category-internacionales","category-minuto-a-minuto","category-noticias","category-ultimas-noticias"],"_links":{"self":[{"href":"https:\/\/archive.sana.sy\/es\/index.php?rest_route=\/wp\/v2\/posts\/287308"}],"collection":[{"href":"https:\/\/archive.sana.sy\/es\/index.php?rest_route=\/wp\/v2\/posts"}],"about":[{"href":"https:\/\/archive.sana.sy\/es\/index.php?rest_route=\/wp\/v2\/types\/post"}],"author":[{"embeddable":true,"href":"https:\/\/archive.sana.sy\/es\/index.php?rest_route=\/wp\/v2\/users\/24"}],"replies":[{"embeddable":true,"href":"https:\/\/archive.sana.sy\/es\/index.php?rest_route=%2Fwp%2Fv2%2Fcomments&post=287308"}],"version-history":[{"count":0,"href":"https:\/\/archive.sana.sy\/es\/index.php?rest_route=\/wp\/v2\/posts\/287308\/revisions"}],"wp:featuredmedia":[{"embeddable":true,"href":"https:\/\/archive.sana.sy\/es\/index.php?rest_route=\/wp\/v2\/media\/287309"}],"wp:attachment":[{"href":"https:\/\/archive.sana.sy\/es\/index.php?rest_route=%2Fwp%2Fv2%2Fmedia&parent=287308"}],"wp:term":[{"taxonomy":"category","embeddable":true,"href":"https:\/\/archive.sana.sy\/es\/index.php?rest_route=%2Fwp%2Fv2%2Fcategories&post=287308"},{"taxonomy":"post_tag","embeddable":true,"href":"https:\/\/archive.sana.sy\/es\/index.php?rest_route=%2Fwp%2Fv2%2Ftags&post=287308"}],"curies":[{"name":"wp","href":"https:\/\/api.w.org\/{rel}","templated":true}]}}