{"id":287312,"date":"2023-02-14T21:09:23","date_gmt":"2023-02-14T18:09:23","guid":{"rendered":"https:\/\/sana.sy\/es\/?p=287312"},"modified":"2023-02-15T06:16:51","modified_gmt":"2023-02-15T03:16:51","slug":"sira-y-la-onu-abordan-cooperacion-en-materia-de-evaluacion-de-edificios-afectados-por-el-terremoto","status":"publish","type":"post","link":"https:\/\/archive.sana.sy\/es\/?p=287312","title":{"rendered":"Siria y la ONU abordan cooperaci\u00f3n en materia de evaluaci\u00f3n de edificios afectados por el terremoto"},"content":{"rendered":"<p style=\"text-align: justify;\"><span style=\"color: #800000;\"><strong>Damasco, 14 feb (SANA)<\/strong><\/span>\u00a0 El ministro de Obras P\u00fablicas y Vivienda, Suhail Abdel Latif, se reuni\u00f3 hoy con el directora del Programa de Naciones Unidas para los Asentamientos Humanos, Hiroshi Takabayashi, donde se abord\u00f3 la cooperaci\u00f3n conjunta entre las dos partes.<\/p>\n<p style=\"text-align: justify;\">Abdel Latif explic\u00f3 el plan de acci\u00f3n del Ministerio y la respuesta de emergencia del gobierno a las secuelas del devastador terremoto que asol\u00f3 Siria recientemente, y destac\u00f3 la necesidad de levantar las injustas sanciones impuestas a Siria lo antes posible.<\/p>\n<p style=\"text-align: justify;\">A su vez, el funcionario de la ONU confirm\u00f3 que la organizaci\u00f3n brinda asistencia t\u00e9cnica en t\u00e9rminos de la evaluaci\u00f3n de los edificios da\u00f1ados, y se refiri\u00f3 a la importancia de levantar las sanciones en las circunstancias actuales.<\/p>\n<p><em>mm<\/em><\/p>\n","protected":false},"excerpt":{"rendered":"<p>Damasco, 14 feb (SANA)\u00a0 El ministro de Obras P\u00fablicas y Vivienda, Suhail Abdel Latif, se reuni\u00f3 hoy con el directora del Programa de Naciones Unidas para los Asentamientos Humanos, Hiroshi Takabayashi, donde se abord\u00f3 la cooperaci\u00f3n conjunta entre las dos partes. Abdel Latif explic\u00f3 el plan de acci\u00f3n del Ministerio y la respuesta de emergencia &hellip;<\/p>\n","protected":false},"author":36,"featured_media":287313,"comment_status":"closed","ping_status":"closed","sticky":false,"template":"","format":"standard","meta":{"footnotes":""},"categories":[597,20724,467],"tags":[],"class_list":["post-287312","post","type-post","status-publish","format-standard","has-post-thumbnail","","category-cinta-de-noticias","category-minuto-a-minuto","category-siria-y-el-mundo"],"_links":{"self":[{"href":"https:\/\/archive.sana.sy\/es\/index.php?rest_route=\/wp\/v2\/posts\/287312"}],"collection":[{"href":"https:\/\/archive.sana.sy\/es\/index.php?rest_route=\/wp\/v2\/posts"}],"about":[{"href":"https:\/\/archive.sana.sy\/es\/index.php?rest_route=\/wp\/v2\/types\/post"}],"author":[{"embeddable":true,"href":"https:\/\/archive.sana.sy\/es\/index.php?rest_route=\/wp\/v2\/users\/36"}],"replies":[{"embeddable":true,"href":"https:\/\/archive.sana.sy\/es\/index.php?rest_route=%2Fwp%2Fv2%2Fcomments&post=287312"}],"version-history":[{"count":0,"href":"https:\/\/archive.sana.sy\/es\/index.php?rest_route=\/wp\/v2\/posts\/287312\/revisions"}],"wp:featuredmedia":[{"embeddable":true,"href":"https:\/\/archive.sana.sy\/es\/index.php?rest_route=\/wp\/v2\/media\/287313"}],"wp:attachment":[{"href":"https:\/\/archive.sana.sy\/es\/index.php?rest_route=%2Fwp%2Fv2%2Fmedia&parent=287312"}],"wp:term":[{"taxonomy":"category","embeddable":true,"href":"https:\/\/archive.sana.sy\/es\/index.php?rest_route=%2Fwp%2Fv2%2Fcategories&post=287312"},{"taxonomy":"post_tag","embeddable":true,"href":"https:\/\/archive.sana.sy\/es\/index.php?rest_route=%2Fwp%2Fv2%2Ftags&post=287312"}],"curies":[{"name":"wp","href":"https:\/\/api.w.org\/{rel}","templated":true}]}}